{"id":8993,"date":"2025-01-06T09:54:12","date_gmt":"2025-01-06T13:54:12","guid":{"rendered":"https:\/\/jornaloalvorada.com.br\/site\/?p=8993"},"modified":"2025-01-06T09:54:14","modified_gmt":"2025-01-06T13:54:14","slug":"homem-incendeia-agencia-bancaria-e-sai-sem-levar-nada","status":"publish","type":"post","link":"https:\/\/jornaloalvorada.com.br\/site\/2025\/01\/06\/homem-incendeia-agencia-bancaria-e-sai-sem-levar-nada\/","title":{"rendered":"Homem incendeia ag\u00eancia banc\u00e1ria e sai sem levar nada"},"content":{"rendered":"\n<p>A pol\u00edcia militar de S\u00e3o Paulo est\u00e1 investigando o caso de um homem que ateou fogo dentro de uma ag\u00eancia banc\u00e1ria da Zona Sul da cidade e fugiu do local sem roubar nada. O caso aconteceu nesta sexta-feira (3), na Avenida Engenheiro Lu\u00eds Carlos Berrini.<\/p>\n\n\n\n<p>De acordo com informa\u00e7\u00f5es reportadas pelo portal Metr\u00f3poles, o homem n\u00e3o identificado incendiou pap\u00e9is e os deixou em frente a um caixa eletr\u00f4nico da ag\u00eancia. Ele foi embora logo em seguida, e at\u00e9 o momento n\u00e3o foi encontrado.<\/p>\n\n\n\n<p>A situa\u00e7\u00e3o gerou como\u00e7\u00e3o, mas o fogo foi contido. De acordo com a Secretaria da Seguran\u00e7a P\u00fablica (SSP), os policiais foram acionados e chegaram ao local por volta das 18h35.<\/p>\n\n\n\n<p>N\u00e3o h\u00e1 informa\u00e7\u00f5es de que algu\u00e9m tenha se ferido, nem sobre a motiva\u00e7\u00e3o do suspeito.<\/p>\n\n\n\n<p><strong><em>Fonte: Pleno News<\/em><\/strong><\/p>\n","protected":false},"excerpt":{"rendered":"<p>A pol\u00edcia militar de S\u00e3o Paulo est\u00e1 investigando o caso de um homem que ateou fogo dentro de uma ag\u00eancia<\/p>\n","protected":false},"author":1,"featured_media":8994,"comment_status":"open","ping_status":"open","sticky":false,"template":"","format":"standard","meta":{"footnotes":""},"categories":[2],"tags":[],"class_list":["post-8993","post","type-post","status-publish","format-standard","has-post-thumbnail","hentry","category-noticias"],"_links":{"self":[{"href":"https:\/\/jornaloalvorada.com.br\/site\/wp-json\/wp\/v2\/posts\/8993","targetHints":{"allow":["GET"]}}],"collection":[{"href":"https:\/\/jornaloalvorada.com.br\/site\/wp-json\/wp\/v2\/posts"}],"about":[{"href":"https:\/\/jornaloalvorada.com.br\/site\/wp-json\/wp\/v2\/types\/post"}],"author":[{"embeddable":true,"href":"https:\/\/jornaloalvorada.com.br\/site\/wp-json\/wp\/v2\/users\/1"}],"replies":[{"embeddable":true,"href":"https:\/\/jornaloalvorada.com.br\/site\/wp-json\/wp\/v2\/comments?post=8993"}],"version-history":[{"count":1,"href":"https:\/\/jornaloalvorada.com.br\/site\/wp-json\/wp\/v2\/posts\/8993\/revisions"}],"predecessor-version":[{"id":8995,"href":"https:\/\/jornaloalvorada.com.br\/site\/wp-json\/wp\/v2\/posts\/8993\/revisions\/8995"}],"wp:featuredmedia":[{"embeddable":true,"href":"https:\/\/jornaloalvorada.com.br\/site\/wp-json\/wp\/v2\/media\/8994"}],"wp:attachment":[{"href":"https:\/\/jornaloalvorada.com.br\/site\/wp-json\/wp\/v2\/media?parent=8993"}],"wp:term":[{"taxonomy":"category","embeddable":true,"href":"https:\/\/jornaloalvorada.com.br\/site\/wp-json\/wp\/v2\/categories?post=8993"},{"taxonomy":"post_tag","embeddable":true,"href":"https:\/\/jornaloalvorada.com.br\/site\/wp-json\/wp\/v2\/tags?post=8993"}],"curies":[{"name":"wp","href":"https:\/\/api.w.org\/{rel}","templated":true}]}}