{"id":8984,"date":"2025-01-03T08:51:50","date_gmt":"2025-01-03T12:51:50","guid":{"rendered":"https:\/\/jornaloalvorada.com.br\/site\/?p=8984"},"modified":"2025-01-03T08:51:52","modified_gmt":"2025-01-03T12:51:52","slug":"primeiro-final-de-semana-do-ano-comeca-com-sol-e-possibilidades-de-chuvas","status":"publish","type":"post","link":"https:\/\/jornaloalvorada.com.br\/site\/2025\/01\/03\/primeiro-final-de-semana-do-ano-comeca-com-sol-e-possibilidades-de-chuvas\/","title":{"rendered":"Primeiro final de semana do ano come\u00e7a com sol e possibilidades de chuvas"},"content":{"rendered":"\n<p>A previs\u00e3o do tempo para a primeira sexta-feira (3) de 2025 \u00e9 de sol com altas temperaturas, por\u00e9m ao longo do dia existe a possibilidade de um aumento da nebulosidade e de chuvas de intensidade fraca a moderada. H\u00e1 ainda, previs\u00e3o de acumulados de chuvas significativos, que podem ultrapassar os 40 mil\u00edmetros em 24 horas. De acordo o Cemtec (Centro de Monitoramento do Tempo e do Clima de Mato Grosso do Sul), esta situa\u00e7\u00e3o meteorol\u00f3gica ocorre devido a aproxima\u00e7\u00e3o e o avan\u00e7o de uma frente fria, aliada a atua\u00e7\u00e3o de \u00e1reas de baixa press\u00e3o atmosf\u00e9rica.<\/p>\n\n\n\n<p>Em rela\u00e7\u00e3o \u00e0s temperaturas, est\u00e3o previstas m\u00ednimas entre 21\u00b0C e 23\u00b0C e m\u00e1ximas entre 26\u00b0C e 32\u00b0C para as regi\u00f5es Sul, Leste e Sudeste do Estado. Nas regi\u00f5es Pantaneira e Sudoeste esperam-se m\u00ednimas entre 23\u00b0C e 26\u00b0C e m\u00e1ximas entre 27\u00b0C e 31\u00b0C. J\u00e1 nas regi\u00f5es do Bols\u00e3o e Norte s\u00e3o esperadas m\u00ednimas entre 22\u00b0C e 24\u00b0C e m\u00e1ximas entre 29\u00b0C e 33\u00b0C. Na Capital, s\u00e3o esperadas m\u00ednimas entre 21\u00b0C e 23\u00b0C e m\u00e1ximas entre 26\u00b0C e 28\u00b0C.<\/p>\n\n\n\n<p>O domingo (5), em grande parte do Estado, a previs\u00e3o indica predom\u00ednio de sol e varia\u00e7\u00e3o de nebulosidade. Nas regi\u00f5es Centro-Norte, Pantaneira e Bols\u00e3o h\u00e1 possibilidade para chuvas de intensidade fraca a moderada devido ao avan\u00e7o da frente fria. N\u00e3o descarta-se que,pontualmente, possam ocorrer chuvas mais intensas e tempestades acompanhadas de raios.<\/p>\n\n\n\n<p>Em rela\u00e7\u00e3o \u00e0s temperaturas, est\u00e3o previstas m\u00ednimas entre 18\u00b0C e 22\u00b0C e m\u00e1ximas entre 31\u00b0C e 35\u00b0C para as regi\u00f5es Sul, Leste e Sudeste do Estado. Nas regi\u00f5es Pantaneira e Sudoeste esperam-se m\u00ednimas entre 21\u00b0C e 24\u00b0C e m\u00e1ximas entre 31\u00b0C e 34\u00b0C. J\u00e1 nas regi\u00f5es do Bols\u00e3o e Norte s\u00e3o esperadas m\u00ednimas entre 22\u00b0C e 24\u00b0C e m\u00e1ximas entre 30\u00b0C e 33\u00b0C. Em Campo Grande, m\u00ednimas entre 20\u00b0C e 22\u00b0C e m\u00e1ximas entre 29\u00b0C e 31\u00b0C.<\/p>\n\n\n\n<figure class=\"wp-block-image\"><a href=\"https:\/\/agenciadenoticias.ms.gov.br\/wp-content\/uploads\/2025\/01\/03-01.png\"><img decoding=\"async\" src=\"https:\/\/agenciadenoticias.ms.gov.br\/wp-content\/uploads\/2025\/01\/03-01.png\" alt=\"\" class=\"wp-image-500303\"\/><\/a><\/figure>\n\n\n\n<figure class=\"wp-block-image\"><a href=\"https:\/\/agenciadenoticias.ms.gov.br\/wp-content\/uploads\/2025\/01\/04-01.png\"><img decoding=\"async\" src=\"https:\/\/agenciadenoticias.ms.gov.br\/wp-content\/uploads\/2025\/01\/04-01.png\" alt=\"\" class=\"wp-image-500304\"\/><\/a><\/figure>\n\n\n\n<figure class=\"wp-block-image\"><a href=\"https:\/\/agenciadenoticias.ms.gov.br\/wp-content\/uploads\/2025\/01\/05-01.png\"><img decoding=\"async\" src=\"https:\/\/agenciadenoticias.ms.gov.br\/wp-content\/uploads\/2025\/01\/05-01.png\" alt=\"\" class=\"wp-image-500305\"\/><\/a><\/figure>\n\n\n\n<p><em>Alexandre Gonzaga, Comunica\u00e7\u00e3o do Governo de MS<\/em><br><em>Foto: \u00c1lvaro Rezende<\/em><\/p>\n","protected":false},"excerpt":{"rendered":"<p>A previs\u00e3o do tempo para a primeira sexta-feira (3) de 2025 \u00e9 de sol com altas temperaturas, por\u00e9m ao longo<\/p>\n","protected":false},"author":1,"featured_media":8985,"comment_status":"open","ping_status":"open","sticky":false,"template":"","format":"standard","meta":{"footnotes":""},"categories":[2],"tags":[],"class_list":["post-8984","post","type-post","status-publish","format-standard","has-post-thumbnail","hentry","category-noticias"],"_links":{"self":[{"href":"https:\/\/jornaloalvorada.com.br\/site\/wp-json\/wp\/v2\/posts\/8984","targetHints":{"allow":["GET"]}}],"collection":[{"href":"https:\/\/jornaloalvorada.com.br\/site\/wp-json\/wp\/v2\/posts"}],"about":[{"href":"https:\/\/jornaloalvorada.com.br\/site\/wp-json\/wp\/v2\/types\/post"}],"author":[{"embeddable":true,"href":"https:\/\/jornaloalvorada.com.br\/site\/wp-json\/wp\/v2\/users\/1"}],"replies":[{"embeddable":true,"href":"https:\/\/jornaloalvorada.com.br\/site\/wp-json\/wp\/v2\/comments?post=8984"}],"version-history":[{"count":1,"href":"https:\/\/jornaloalvorada.com.br\/site\/wp-json\/wp\/v2\/posts\/8984\/revisions"}],"predecessor-version":[{"id":8986,"href":"https:\/\/jornaloalvorada.com.br\/site\/wp-json\/wp\/v2\/posts\/8984\/revisions\/8986"}],"wp:featuredmedia":[{"embeddable":true,"href":"https:\/\/jornaloalvorada.com.br\/site\/wp-json\/wp\/v2\/media\/8985"}],"wp:attachment":[{"href":"https:\/\/jornaloalvorada.com.br\/site\/wp-json\/wp\/v2\/media?parent=8984"}],"wp:term":[{"taxonomy":"category","embeddable":true,"href":"https:\/\/jornaloalvorada.com.br\/site\/wp-json\/wp\/v2\/categories?post=8984"},{"taxonomy":"post_tag","embeddable":true,"href":"https:\/\/jornaloalvorada.com.br\/site\/wp-json\/wp\/v2\/tags?post=8984"}],"curies":[{"name":"wp","href":"https:\/\/api.w.org\/{rel}","templated":true}]}}