{"id":898,"date":"2023-03-28T16:09:06","date_gmt":"2023-03-28T20:09:06","guid":{"rendered":"https:\/\/jornaloalvorada.com.br\/site\/?p=898"},"modified":"2023-03-28T16:09:08","modified_gmt":"2023-03-28T20:09:08","slug":"guerra-contra-o-mosquito-transmissor-da-dengue-zyka-chikungunya-e-febre-amarela","status":"publish","type":"post","link":"https:\/\/jornaloalvorada.com.br\/site\/2023\/03\/28\/guerra-contra-o-mosquito-transmissor-da-dengue-zyka-chikungunya-e-febre-amarela\/","title":{"rendered":"Guerra contra o mosquito transmissor da dengue, zyka, chikungunya e febre amarela"},"content":{"rendered":"\n<p>Nova Alvorada do Sul est\u00e1 em guerra contra o mosquito transmissor da dengue, zyka, chikungunya e febre amarela.<\/p>\n\n\n\n<p>A nossa equipe de Vigil\u00e2ncia Epidemiol\u00f3gica est\u00e1 realizando a\u00e7\u00f5es em toda a cidade e a participa\u00e7\u00e3o dos moradores \u00e9 fundamental para vencermos esta guerra.<\/p>\n\n\n\n<p>Realize vistorias diariamente em suas casas e terrenos. Precisamos barrar a prolifera\u00e7\u00e3o do Aedes aegypti, eliminando todo e qualquer recipiente que possa acumular \u00e1gua.<\/p>\n\n\n\n<p>O mosquito \u00e9 pequeno mas o problema \u00e9 gigante!<\/p>\n\n\n\n<p>Essa luta \u00e9 de todos n\u00f3s&#8230; Paleari<\/p>\n","protected":false},"excerpt":{"rendered":"<p>Nova Alvorada do Sul est\u00e1 em guerra contra o mosquito transmissor da dengue, zyka, chikungunya e febre amarela. A nossa<\/p>\n","protected":false},"author":1,"featured_media":899,"comment_status":"open","ping_status":"open","sticky":false,"template":"","format":"standard","meta":{"footnotes":""},"categories":[2],"tags":[],"class_list":["post-898","post","type-post","status-publish","format-standard","has-post-thumbnail","hentry","category-noticias"],"_links":{"self":[{"href":"https:\/\/jornaloalvorada.com.br\/site\/wp-json\/wp\/v2\/posts\/898","targetHints":{"allow":["GET"]}}],"collection":[{"href":"https:\/\/jornaloalvorada.com.br\/site\/wp-json\/wp\/v2\/posts"}],"about":[{"href":"https:\/\/jornaloalvorada.com.br\/site\/wp-json\/wp\/v2\/types\/post"}],"author":[{"embeddable":true,"href":"https:\/\/jornaloalvorada.com.br\/site\/wp-json\/wp\/v2\/users\/1"}],"replies":[{"embeddable":true,"href":"https:\/\/jornaloalvorada.com.br\/site\/wp-json\/wp\/v2\/comments?post=898"}],"version-history":[{"count":1,"href":"https:\/\/jornaloalvorada.com.br\/site\/wp-json\/wp\/v2\/posts\/898\/revisions"}],"predecessor-version":[{"id":900,"href":"https:\/\/jornaloalvorada.com.br\/site\/wp-json\/wp\/v2\/posts\/898\/revisions\/900"}],"wp:featuredmedia":[{"embeddable":true,"href":"https:\/\/jornaloalvorada.com.br\/site\/wp-json\/wp\/v2\/media\/899"}],"wp:attachment":[{"href":"https:\/\/jornaloalvorada.com.br\/site\/wp-json\/wp\/v2\/media?parent=898"}],"wp:term":[{"taxonomy":"category","embeddable":true,"href":"https:\/\/jornaloalvorada.com.br\/site\/wp-json\/wp\/v2\/categories?post=898"},{"taxonomy":"post_tag","embeddable":true,"href":"https:\/\/jornaloalvorada.com.br\/site\/wp-json\/wp\/v2\/tags?post=898"}],"curies":[{"name":"wp","href":"https:\/\/api.w.org\/{rel}","templated":true}]}}