{"id":8974,"date":"2025-01-02T10:00:00","date_gmt":"2025-01-02T14:00:00","guid":{"rendered":"https:\/\/jornaloalvorada.com.br\/site\/?p=8974"},"modified":"2025-01-02T21:13:47","modified_gmt":"2025-01-03T01:13:47","slug":"riedel-anuncia-ferias-e-barbosinha-no-comando-do-governo-em-ms-descanso-com-a-familia","status":"publish","type":"post","link":"https:\/\/jornaloalvorada.com.br\/site\/2025\/01\/02\/riedel-anuncia-ferias-e-barbosinha-no-comando-do-governo-em-ms-descanso-com-a-familia\/","title":{"rendered":"Riedel anuncia f\u00e9rias e Barbosinha no comando do Governo em MS: descanso com a fam\u00edlia"},"content":{"rendered":"\n<p>Nesta quinta-feira (2), o vice-governador Jos\u00e9 Carlos Barbosa (PSD), o Barbosinha, assume como chefe do Executivo Estadual. Ele permanece no cargo at\u00e9 o dia 12, durante o per\u00edodo de f\u00e9rias do governador Eduardo Riedel (PSDB).<\/p>\n\n\n\n<p>Riedel anunciou que estar\u00e1 em per\u00edodo de descanso ao lado da fam\u00edlia e que &#8220;recarregar\u00e1 as energias&#8221; para o ano de 2025 no Executivo Estadual.<\/p>\n\n\n\n<p>&#8220;Nesse per\u00edodo, o vice-governador Barbosinha estar\u00e1 \u00e0 frente do governo, conduzindo com responsabilidade e compromisso o trabalho pelo nosso estado. Tenho plena confian\u00e7a em sua capacidade de liderar com excel\u00eancia, garantindo que o governo continue avan\u00e7ando em benef\u00edcio de todos os sul-mato-grossenses&#8221;, disse.<\/p>\n\n\n\n<p>Diferente de 2024, em que Barbosinha assumiu o cargo por 12 dias, desta vez o vice-governador assumir\u00e1 o comando do Executivo por 10 dias.<\/p>\n\n\n\n<p>Em 2024, Barbosinha tamb\u00e9m chegou assumir o estado diante de uma agenda de Riedel aos Estados Unidos. A comitiva do Governo do Estado viajou na ocasi\u00e3o para Nova York no dia 12 de maio e seguiu em viagem at\u00e9 o dia 15 daquele m\u00eas. Desta forma, Barbosinha assumiu novamente como governador em exerc\u00edcio por quatro dias.<\/p>\n\n\n\n<p><strong><em>Fonte: Midia Nas<\/em><\/strong><\/p>\n","protected":false},"excerpt":{"rendered":"<p>Nesta quinta-feira (2), o vice-governador Jos\u00e9 Carlos Barbosa (PSD), o Barbosinha, assume como chefe do Executivo Estadual. Ele permanece no<\/p>\n","protected":false},"author":1,"featured_media":8975,"comment_status":"open","ping_status":"open","sticky":false,"template":"","format":"standard","meta":{"footnotes":""},"categories":[2],"tags":[],"class_list":["post-8974","post","type-post","status-publish","format-standard","has-post-thumbnail","hentry","category-noticias"],"_links":{"self":[{"href":"https:\/\/jornaloalvorada.com.br\/site\/wp-json\/wp\/v2\/posts\/8974","targetHints":{"allow":["GET"]}}],"collection":[{"href":"https:\/\/jornaloalvorada.com.br\/site\/wp-json\/wp\/v2\/posts"}],"about":[{"href":"https:\/\/jornaloalvorada.com.br\/site\/wp-json\/wp\/v2\/types\/post"}],"author":[{"embeddable":true,"href":"https:\/\/jornaloalvorada.com.br\/site\/wp-json\/wp\/v2\/users\/1"}],"replies":[{"embeddable":true,"href":"https:\/\/jornaloalvorada.com.br\/site\/wp-json\/wp\/v2\/comments?post=8974"}],"version-history":[{"count":1,"href":"https:\/\/jornaloalvorada.com.br\/site\/wp-json\/wp\/v2\/posts\/8974\/revisions"}],"predecessor-version":[{"id":8976,"href":"https:\/\/jornaloalvorada.com.br\/site\/wp-json\/wp\/v2\/posts\/8974\/revisions\/8976"}],"wp:featuredmedia":[{"embeddable":true,"href":"https:\/\/jornaloalvorada.com.br\/site\/wp-json\/wp\/v2\/media\/8975"}],"wp:attachment":[{"href":"https:\/\/jornaloalvorada.com.br\/site\/wp-json\/wp\/v2\/media?parent=8974"}],"wp:term":[{"taxonomy":"category","embeddable":true,"href":"https:\/\/jornaloalvorada.com.br\/site\/wp-json\/wp\/v2\/categories?post=8974"},{"taxonomy":"post_tag","embeddable":true,"href":"https:\/\/jornaloalvorada.com.br\/site\/wp-json\/wp\/v2\/tags?post=8974"}],"curies":[{"name":"wp","href":"https:\/\/api.w.org\/{rel}","templated":true}]}}