{"id":8956,"date":"2025-01-02T11:45:06","date_gmt":"2025-01-02T15:45:06","guid":{"rendered":"https:\/\/jornaloalvorada.com.br\/site\/?p=8956"},"modified":"2025-01-02T11:45:08","modified_gmt":"2025-01-02T15:45:08","slug":"gado-e-furtado-e-abatido-em-fazenda-de-rio-brilhante","status":"publish","type":"post","link":"https:\/\/jornaloalvorada.com.br\/site\/2025\/01\/02\/gado-e-furtado-e-abatido-em-fazenda-de-rio-brilhante\/","title":{"rendered":"Gado \u00e9 furtado e abatido em fazenda de Rio Brilhante"},"content":{"rendered":"\n<p>A Pol\u00edcia Civil de Rio Brilhante registrou, nesta quinta-feira (2), um caso de furto qualificado (abigeato) em uma fazenda da regi\u00e3o.<\/p>\n\n\n\n<p>Segundo a propriet\u00e1ria, de 64 anos, um dos animais foi abatido entre os dias 30 e 31 de dezembro. No local, restaram apenas a buchada e a cabe\u00e7a do gado.<\/p>\n\n\n\n<p>O crime ocorreu em uma \u00e1rea de campo sem c\u00e2meras de seguran\u00e7a, o que dificulta a identifica\u00e7\u00e3o dos suspeitos. A fazendeira informou que \u00e9 a primeira vez que um delito dessa natureza acontece em sua propriedade e que, at\u00e9 o momento, n\u00e3o detectou a aus\u00eancia de outros animais.<\/p>\n\n\n\n<p><strong><em>Fonte: Alvorada Informa<\/em><\/strong><\/p>\n","protected":false},"excerpt":{"rendered":"<p>A Pol\u00edcia Civil de Rio Brilhante registrou, nesta quinta-feira (2), um caso de furto qualificado (abigeato) em uma fazenda da<\/p>\n","protected":false},"author":1,"featured_media":8957,"comment_status":"open","ping_status":"open","sticky":false,"template":"","format":"standard","meta":{"footnotes":""},"categories":[2],"tags":[],"class_list":["post-8956","post","type-post","status-publish","format-standard","has-post-thumbnail","hentry","category-noticias"],"_links":{"self":[{"href":"https:\/\/jornaloalvorada.com.br\/site\/wp-json\/wp\/v2\/posts\/8956","targetHints":{"allow":["GET"]}}],"collection":[{"href":"https:\/\/jornaloalvorada.com.br\/site\/wp-json\/wp\/v2\/posts"}],"about":[{"href":"https:\/\/jornaloalvorada.com.br\/site\/wp-json\/wp\/v2\/types\/post"}],"author":[{"embeddable":true,"href":"https:\/\/jornaloalvorada.com.br\/site\/wp-json\/wp\/v2\/users\/1"}],"replies":[{"embeddable":true,"href":"https:\/\/jornaloalvorada.com.br\/site\/wp-json\/wp\/v2\/comments?post=8956"}],"version-history":[{"count":1,"href":"https:\/\/jornaloalvorada.com.br\/site\/wp-json\/wp\/v2\/posts\/8956\/revisions"}],"predecessor-version":[{"id":8958,"href":"https:\/\/jornaloalvorada.com.br\/site\/wp-json\/wp\/v2\/posts\/8956\/revisions\/8958"}],"wp:featuredmedia":[{"embeddable":true,"href":"https:\/\/jornaloalvorada.com.br\/site\/wp-json\/wp\/v2\/media\/8957"}],"wp:attachment":[{"href":"https:\/\/jornaloalvorada.com.br\/site\/wp-json\/wp\/v2\/media?parent=8956"}],"wp:term":[{"taxonomy":"category","embeddable":true,"href":"https:\/\/jornaloalvorada.com.br\/site\/wp-json\/wp\/v2\/categories?post=8956"},{"taxonomy":"post_tag","embeddable":true,"href":"https:\/\/jornaloalvorada.com.br\/site\/wp-json\/wp\/v2\/tags?post=8956"}],"curies":[{"name":"wp","href":"https:\/\/api.w.org\/{rel}","templated":true}]}}