{"id":8950,"date":"2025-01-02T09:19:56","date_gmt":"2025-01-02T13:19:56","guid":{"rendered":"https:\/\/jornaloalvorada.com.br\/site\/?p=8950"},"modified":"2025-01-02T09:26:08","modified_gmt":"2025-01-02T13:26:08","slug":"prefeito-jose-paulo-paleari-assume-mais-uma-vez-a-lideranca-de-nova-alvorada-do-sul","status":"publish","type":"post","link":"https:\/\/jornaloalvorada.com.br\/site\/2025\/01\/02\/prefeito-jose-paulo-paleari-assume-mais-uma-vez-a-lideranca-de-nova-alvorada-do-sul\/","title":{"rendered":"Prefeito Jos\u00e9 Paulo Paleari assume mais uma vez a lideran\u00e7a de Nova Alvorada do Sul"},"content":{"rendered":"\n<p>Hoje, assumimos oficialmente a responsabilidade de liderar mais uma vez Nova Alvorada do Sul, rumo a um futuro de progresso e desenvolvimento.<\/p>\n\n\n\n<p>Junto ao Vice-Prefeito Valdemar Rocha e aos 11 vereadores eleitos, renovamos nosso compromisso com os valores da \u00e9tica, transpar\u00eancia e dedica\u00e7\u00e3o ao bem-estar de nossa popula\u00e7\u00e3o.<\/p>\n\n\n\n<p>Este \u00e9 o momento de uni\u00e3o, planejamento e trabalho \u00e1rduo para transformar nossos sonhos em realiza\u00e7\u00f5es concretas.<\/p>\n\n\n\n<p>Contamos com o apoio de cada cidad\u00e3o para construir uma cidade mais pr\u00f3spera e justa para todos.<\/p>\n\n\n\n<p>Vamos em frente!<\/p>\n\n\n\n<p>Viva Nova Alvorada do Sul<\/p>\n\n\n\n<iframe loading=\"lazy\" src=\"https:\/\/www.facebook.com\/plugins\/video.php?height=476&#038;href=https%3A%2F%2Fwww.facebook.com%2Fjppaleari%2Fvideos%2F901773345496766%2F&#038;show_text=false&#038;width=267&#038;t=0\" width=\"267\" height=\"476\" style=\"border:none;overflow:hidden\" scrolling=\"no\" frameborder=\"0\" allowfullscreen=\"true\" allow=\"autoplay; clipboard-write; encrypted-media; picture-in-picture; web-share\" allowFullScreen=\"true\"><\/iframe>\n","protected":false},"excerpt":{"rendered":"<p>Hoje, assumimos oficialmente a responsabilidade de liderar mais uma vez Nova Alvorada do Sul, rumo a um futuro de progresso<\/p>\n","protected":false},"author":1,"featured_media":8951,"comment_status":"open","ping_status":"open","sticky":false,"template":"","format":"standard","meta":{"footnotes":""},"categories":[2],"tags":[],"class_list":["post-8950","post","type-post","status-publish","format-standard","has-post-thumbnail","hentry","category-noticias"],"_links":{"self":[{"href":"https:\/\/jornaloalvorada.com.br\/site\/wp-json\/wp\/v2\/posts\/8950","targetHints":{"allow":["GET"]}}],"collection":[{"href":"https:\/\/jornaloalvorada.com.br\/site\/wp-json\/wp\/v2\/posts"}],"about":[{"href":"https:\/\/jornaloalvorada.com.br\/site\/wp-json\/wp\/v2\/types\/post"}],"author":[{"embeddable":true,"href":"https:\/\/jornaloalvorada.com.br\/site\/wp-json\/wp\/v2\/users\/1"}],"replies":[{"embeddable":true,"href":"https:\/\/jornaloalvorada.com.br\/site\/wp-json\/wp\/v2\/comments?post=8950"}],"version-history":[{"count":2,"href":"https:\/\/jornaloalvorada.com.br\/site\/wp-json\/wp\/v2\/posts\/8950\/revisions"}],"predecessor-version":[{"id":8953,"href":"https:\/\/jornaloalvorada.com.br\/site\/wp-json\/wp\/v2\/posts\/8950\/revisions\/8953"}],"wp:featuredmedia":[{"embeddable":true,"href":"https:\/\/jornaloalvorada.com.br\/site\/wp-json\/wp\/v2\/media\/8951"}],"wp:attachment":[{"href":"https:\/\/jornaloalvorada.com.br\/site\/wp-json\/wp\/v2\/media?parent=8950"}],"wp:term":[{"taxonomy":"category","embeddable":true,"href":"https:\/\/jornaloalvorada.com.br\/site\/wp-json\/wp\/v2\/categories?post=8950"},{"taxonomy":"post_tag","embeddable":true,"href":"https:\/\/jornaloalvorada.com.br\/site\/wp-json\/wp\/v2\/tags?post=8950"}],"curies":[{"name":"wp","href":"https:\/\/api.w.org\/{rel}","templated":true}]}}