{"id":895,"date":"2023-03-28T16:05:46","date_gmt":"2023-03-28T20:05:46","guid":{"rendered":"https:\/\/jornaloalvorada.com.br\/site\/?p=895"},"modified":"2023-03-28T16:05:48","modified_gmt":"2023-03-28T20:05:48","slug":"equipe-da-acp-bioenergia","status":"publish","type":"post","link":"https:\/\/jornaloalvorada.com.br\/site\/2023\/03\/28\/equipe-da-acp-bioenergia\/","title":{"rendered":"Equipe da ACP Bioenergia"},"content":{"rendered":"\n<p>Prefeito Jos\u00e9 Paulo Paleari, recebe na tarde de hoje (28) a equipe da ACP Bioenergia no parque do Evento Multissetorial de Nova Alvorada do Sul \u201cExpocanas\u201d<\/p>\n\n\n\n<p>ACP Bioenergia \u00e9 uma das maiores fornecedoras de Cana-de-a\u00e7\u00facar do Brasil e estar\u00e1 presente na Expocanas 2023.<\/p>\n\n\n\n<p>Est\u00e1 chegando a hora\u2026<\/p>\n\n\n\n<p>\u201cExpocanas 2023 &#8211; De 29 de mar\u00e7o a 02 de abril.<\/p>\n","protected":false},"excerpt":{"rendered":"<p>Prefeito Jos\u00e9 Paulo Paleari, recebe na tarde de hoje (28) a equipe da ACP Bioenergia no parque do Evento Multissetorial<\/p>\n","protected":false},"author":1,"featured_media":896,"comment_status":"open","ping_status":"open","sticky":false,"template":"","format":"standard","meta":{"footnotes":""},"categories":[3],"tags":[],"class_list":["post-895","post","type-post","status-publish","format-standard","has-post-thumbnail","hentry","category-social"],"_links":{"self":[{"href":"https:\/\/jornaloalvorada.com.br\/site\/wp-json\/wp\/v2\/posts\/895","targetHints":{"allow":["GET"]}}],"collection":[{"href":"https:\/\/jornaloalvorada.com.br\/site\/wp-json\/wp\/v2\/posts"}],"about":[{"href":"https:\/\/jornaloalvorada.com.br\/site\/wp-json\/wp\/v2\/types\/post"}],"author":[{"embeddable":true,"href":"https:\/\/jornaloalvorada.com.br\/site\/wp-json\/wp\/v2\/users\/1"}],"replies":[{"embeddable":true,"href":"https:\/\/jornaloalvorada.com.br\/site\/wp-json\/wp\/v2\/comments?post=895"}],"version-history":[{"count":1,"href":"https:\/\/jornaloalvorada.com.br\/site\/wp-json\/wp\/v2\/posts\/895\/revisions"}],"predecessor-version":[{"id":897,"href":"https:\/\/jornaloalvorada.com.br\/site\/wp-json\/wp\/v2\/posts\/895\/revisions\/897"}],"wp:featuredmedia":[{"embeddable":true,"href":"https:\/\/jornaloalvorada.com.br\/site\/wp-json\/wp\/v2\/media\/896"}],"wp:attachment":[{"href":"https:\/\/jornaloalvorada.com.br\/site\/wp-json\/wp\/v2\/media?parent=895"}],"wp:term":[{"taxonomy":"category","embeddable":true,"href":"https:\/\/jornaloalvorada.com.br\/site\/wp-json\/wp\/v2\/categories?post=895"},{"taxonomy":"post_tag","embeddable":true,"href":"https:\/\/jornaloalvorada.com.br\/site\/wp-json\/wp\/v2\/tags?post=895"}],"curies":[{"name":"wp","href":"https:\/\/api.w.org\/{rel}","templated":true}]}}