{"id":8922,"date":"2024-12-31T09:28:11","date_gmt":"2024-12-31T13:28:11","guid":{"rendered":"https:\/\/jornaloalvorada.com.br\/site\/?p=8922"},"modified":"2024-12-31T09:28:13","modified_gmt":"2024-12-31T13:28:13","slug":"brasil-volta-ao-podio-feminino-da-sao-silvestre","status":"publish","type":"post","link":"https:\/\/jornaloalvorada.com.br\/site\/2024\/12\/31\/brasil-volta-ao-podio-feminino-da-sao-silvestre\/","title":{"rendered":"Brasil volta ao p\u00f3dio feminino da S\u00e3o Silvestre"},"content":{"rendered":"\n<p>A brasileira Nubia de Oliveira Silva conseguiu alcan\u00e7ar o p\u00f3dio da tradicional corrida internacional de S\u00e3o Silvestre, chegando em terceiro lugar, com o tempo de 53 minutos e 24 segundos. Ela conseguiu alcan\u00e7ar o p\u00f3dio ap\u00f3s ter ultrapassado a atleta da Tanz\u00e2nia, Anastazia Dolomongo, que completou a prova com o tempo de 53m29. Desde 2021 o Brasil n\u00e3o chegava entre as tr\u00eas melhores coloca\u00e7\u00f5es.<img decoding=\"async\" src=\"https:\/\/agenciabrasil.ebc.com.br\/ebc.png?id=1625427&amp;o=node\"><img decoding=\"async\" src=\"https:\/\/agenciabrasil.ebc.com.br\/ebc.gif?id=1625427&amp;o=node\"><\/p>\n\n\n<div class=\"wp-block-image\">\n<figure class=\"aligncenter is-resized\"><img decoding=\"async\" src=\"https:\/\/imagens.ebc.com.br\/aw5RSIr5l7e5sjFcYGBmzFalchc=\/365x0\/smart\/https:\/\/agenciabrasil.ebc.com.br\/sites\/default\/files\/thumbnails\/image\/2024\/12\/31\/_pin3121.jpg?itok=uZmBGT3v\" alt=\"S\u00e3o Paulo (SP), 31\/12\/2024 - A brasileira N\u00fabia de Oliveira (45) chega na terceira posi\u00e7\u00e3o na pisputa da 99\u00aa Corrida Internacional da S\u00e3o Silvestre. A tradicional corrida de rua tem expectativa de receber cerca de 37.500 corredores, p\u00fablico recorde.\nO percurso da S\u00e3o Silvestre tem largada na Avenida Paulista (entre as ruas Frei Caneca e Augusta), vai at\u00e9 o Centro hist\u00f3rico e volta para a Paulista pela subida da Avenida Brigadeiro Luiz Ant\u00f4nio - dif\u00edceis quil\u00f4metros finais. Acaba em frente ao pr\u00e9dio da Funda\u00e7\u00e3o C\u00e1sper L\u00edbero.\nFoto: Paulo Pinto\/Ag\u00eancia Brasil\" style=\"width:553px;height:auto\" title=\"Paulo Pinto\/Ag\u00eancia Brasil\"\/><figcaption class=\"wp-element-caption\">A brasileira N\u00fabia de Oliveira chega na terceira posi\u00e7\u00e3o na disputa da 99\u00aa Corrida Internacional da S\u00e3o Silvestre. Foto: Paulo Pinto\/Ag\u00eancia Brasil<\/figcaption><\/figure>\n<\/div>\n\n\n<p>J\u00e1 a tamb\u00e9m brasileira Tatiane Raquel da Silva chegou na quinta coloca\u00e7\u00e3o, com o tempo de 53m51.<\/p>\n\n\n\n<p>A prova foi vencida pela queniana Agnes Keino, com o tempo de 51m25. Na segunda posi\u00e7\u00e3o chegou a tamb\u00e9m queniana Cynthia Chemweno, com o tempo de 52m11.<\/p>\n\n\n\n<p>O Brasil n\u00e3o sobe ao topo do p\u00f3dio da S\u00e3o Silvestre desde 2006, quando Luc\u00e9lia Peres foi campe\u00e3.<\/p>\n","protected":false},"excerpt":{"rendered":"<p>A brasileira Nubia de Oliveira Silva conseguiu alcan\u00e7ar o p\u00f3dio da tradicional corrida internacional de S\u00e3o Silvestre, chegando em terceiro<\/p>\n","protected":false},"author":1,"featured_media":8923,"comment_status":"open","ping_status":"open","sticky":false,"template":"","format":"standard","meta":{"footnotes":""},"categories":[2],"tags":[],"class_list":["post-8922","post","type-post","status-publish","format-standard","has-post-thumbnail","hentry","category-noticias"],"_links":{"self":[{"href":"https:\/\/jornaloalvorada.com.br\/site\/wp-json\/wp\/v2\/posts\/8922","targetHints":{"allow":["GET"]}}],"collection":[{"href":"https:\/\/jornaloalvorada.com.br\/site\/wp-json\/wp\/v2\/posts"}],"about":[{"href":"https:\/\/jornaloalvorada.com.br\/site\/wp-json\/wp\/v2\/types\/post"}],"author":[{"embeddable":true,"href":"https:\/\/jornaloalvorada.com.br\/site\/wp-json\/wp\/v2\/users\/1"}],"replies":[{"embeddable":true,"href":"https:\/\/jornaloalvorada.com.br\/site\/wp-json\/wp\/v2\/comments?post=8922"}],"version-history":[{"count":1,"href":"https:\/\/jornaloalvorada.com.br\/site\/wp-json\/wp\/v2\/posts\/8922\/revisions"}],"predecessor-version":[{"id":8924,"href":"https:\/\/jornaloalvorada.com.br\/site\/wp-json\/wp\/v2\/posts\/8922\/revisions\/8924"}],"wp:featuredmedia":[{"embeddable":true,"href":"https:\/\/jornaloalvorada.com.br\/site\/wp-json\/wp\/v2\/media\/8923"}],"wp:attachment":[{"href":"https:\/\/jornaloalvorada.com.br\/site\/wp-json\/wp\/v2\/media?parent=8922"}],"wp:term":[{"taxonomy":"category","embeddable":true,"href":"https:\/\/jornaloalvorada.com.br\/site\/wp-json\/wp\/v2\/categories?post=8922"},{"taxonomy":"post_tag","embeddable":true,"href":"https:\/\/jornaloalvorada.com.br\/site\/wp-json\/wp\/v2\/tags?post=8922"}],"curies":[{"name":"wp","href":"https:\/\/api.w.org\/{rel}","templated":true}]}}