{"id":892,"date":"2023-03-28T13:38:09","date_gmt":"2023-03-28T17:38:09","guid":{"rendered":"https:\/\/jornaloalvorada.com.br\/site\/?p=892"},"modified":"2023-03-28T13:38:11","modified_gmt":"2023-03-28T17:38:11","slug":"crise-cervejaria-petropolis-dona-da-itaipava-pede-recuperacao-judicial-com-divida-de-r-44-bilhoes","status":"publish","type":"post","link":"https:\/\/jornaloalvorada.com.br\/site\/2023\/03\/28\/crise-cervejaria-petropolis-dona-da-itaipava-pede-recuperacao-judicial-com-divida-de-r-44-bilhoes\/","title":{"rendered":"CRISE: Cervejaria Petr\u00f3polis, dona da Itaipava, pede recupera\u00e7\u00e3o judicial com d\u00edvida de R$ 4,4 bilh\u00f5es"},"content":{"rendered":"\n<p>A Cervejaria Petr\u00f3polis, dona da marca Itaipava, deu entrada, na segunda-feira, em um pedido de recupera\u00e7\u00e3o judicial. A companhia tem d\u00edvidas da ordem de R$ 4,4 bilh\u00f5es. A companhia pediu urg\u00eancia, tentando evitar o vencimento iminente de parcela de R$ 105 milh\u00f5es de uma d\u00edvida financeira. A empresa tamb\u00e9m cita o impacto da alta dos juros sobre o seu endividamento.<\/p>\n\n\n\n<p>\u201cEste pedido de recupera\u00e7\u00e3o judicial est\u00e1 sendo ajuizado em regime de urg\u00eancia, para evitar os gravosos e nefastos efeitos que o vencimento de parcela \u201cbullet\u201d, no valor de R$ 105 milh\u00f5es, decorrente da opera\u00e7\u00e3o em anexo. Essa parcela vence hoje, dia 27.03.2023, e seu inadimplemento provocar\u00e1 o vencimento antecipado das demais opera\u00e7\u00f5es existentes com a casa banc\u00e1ria, resultando na pronta liquida\u00e7\u00e3o dos recursos travados na conta vinculada e tentativa de apropria\u00e7\u00e3o dos receb\u00edveis do Grupo Petr\u00f3polis que ira o ingressar na referida conta nas pr\u00f3ximas semanas\u201d, escreveram os advogados da companhia na peti\u00e7\u00e3o apresentada \u00e0 Justi\u00e7a do Rio.<\/p>\n\n\n\n<p>De acordo com a Petr\u00f3polis, o aumento dos juros b\u00e1sicos da economia vem gerando um impacto de aproximadamente R$ 395 milh\u00f5es por ano no fluxo de caixa do grupo.&nbsp;<\/p>\n\n\n\n<p>Na peti\u00e7\u00e3o inicial, os advogados da Petr\u00f3polis dizem que a d\u00edvida financeira e de mercado de capitais \u00e9 da ordem de R$ 2 bilh\u00f5es, enquanto a d\u00edvida com terceiros, incluindo grandes fornecedores, soma R$ 2,2 bilh\u00f5es. Os advogados atribu\u00edram \u00e0 causa valor provis\u00f3rio de R$ 4,4 bilh\u00f5es, at\u00e9 que a empresa publique sua lista detalhada de credores.<\/p>\n\n\n\n<p><strong><em>Cr\u00e9dito: Terra Brasil Not\u00edcias<\/em><\/strong><\/p>\n","protected":false},"excerpt":{"rendered":"<p>A Cervejaria Petr\u00f3polis, dona da marca Itaipava, deu entrada, na segunda-feira, em um pedido de recupera\u00e7\u00e3o judicial. A companhia tem<\/p>\n","protected":false},"author":1,"featured_media":893,"comment_status":"open","ping_status":"open","sticky":false,"template":"","format":"standard","meta":{"footnotes":""},"categories":[2],"tags":[],"class_list":["post-892","post","type-post","status-publish","format-standard","has-post-thumbnail","hentry","category-noticias"],"_links":{"self":[{"href":"https:\/\/jornaloalvorada.com.br\/site\/wp-json\/wp\/v2\/posts\/892","targetHints":{"allow":["GET"]}}],"collection":[{"href":"https:\/\/jornaloalvorada.com.br\/site\/wp-json\/wp\/v2\/posts"}],"about":[{"href":"https:\/\/jornaloalvorada.com.br\/site\/wp-json\/wp\/v2\/types\/post"}],"author":[{"embeddable":true,"href":"https:\/\/jornaloalvorada.com.br\/site\/wp-json\/wp\/v2\/users\/1"}],"replies":[{"embeddable":true,"href":"https:\/\/jornaloalvorada.com.br\/site\/wp-json\/wp\/v2\/comments?post=892"}],"version-history":[{"count":1,"href":"https:\/\/jornaloalvorada.com.br\/site\/wp-json\/wp\/v2\/posts\/892\/revisions"}],"predecessor-version":[{"id":894,"href":"https:\/\/jornaloalvorada.com.br\/site\/wp-json\/wp\/v2\/posts\/892\/revisions\/894"}],"wp:featuredmedia":[{"embeddable":true,"href":"https:\/\/jornaloalvorada.com.br\/site\/wp-json\/wp\/v2\/media\/893"}],"wp:attachment":[{"href":"https:\/\/jornaloalvorada.com.br\/site\/wp-json\/wp\/v2\/media?parent=892"}],"wp:term":[{"taxonomy":"category","embeddable":true,"href":"https:\/\/jornaloalvorada.com.br\/site\/wp-json\/wp\/v2\/categories?post=892"},{"taxonomy":"post_tag","embeddable":true,"href":"https:\/\/jornaloalvorada.com.br\/site\/wp-json\/wp\/v2\/tags?post=892"}],"curies":[{"name":"wp","href":"https:\/\/api.w.org\/{rel}","templated":true}]}}