{"id":8908,"date":"2024-12-30T15:30:00","date_gmt":"2024-12-30T19:30:00","guid":{"rendered":"https:\/\/jornaloalvorada.com.br\/site\/?p=8908"},"modified":"2024-12-30T16:33:21","modified_gmt":"2024-12-30T20:33:21","slug":"nova-lei-de-multa-de-ate-r-10-mil-assusta-donos-de-pitbull-entenda-as-regras","status":"publish","type":"post","link":"https:\/\/jornaloalvorada.com.br\/site\/2024\/12\/30\/nova-lei-de-multa-de-ate-r-10-mil-assusta-donos-de-pitbull-entenda-as-regras\/","title":{"rendered":"Nova lei de multa de at\u00e9 R$ 10 mil assusta donos de pitbull; Entenda as regras"},"content":{"rendered":"\n<p>Em setembro de 2024, um marco regulat\u00f3rio foi estabelecido em Teut\u00f4nia, uma cidade no Rio Grande do Sul, com a aprova\u00e7\u00e3o de um projeto de lei voltado para a gest\u00e3o e controle de c\u00e3es da ra\u00e7a pitbull. Iniciativa da vereadora Neide Jaqueline Schwarz, a lei busca promover a seguran\u00e7a p\u00fablica e mitigar os riscos de incidentes com esses animais, muitas vezes associados a comportamentos agressivos.<\/p>\n\n\n\n<p>O projeto de lei estabelece diretrizes rigorosas que visam tanto a redu\u00e7\u00e3o da popula\u00e7\u00e3o de pitbulls quanto a seguran\u00e7a dos cidad\u00e3os. Estas medidas incluem a proibi\u00e7\u00e3o de cria\u00e7\u00e3o e com\u00e9rcio da ra\u00e7a dentro do munic\u00edpio, al\u00e9m de tornar a esteriliza\u00e7\u00e3o dos animais uma pr\u00e1tica obrigat\u00f3ria. Com isso, pretende-se evitar a prolifera\u00e7\u00e3o descontrolada e proteger a comunidade local.<\/p>\n\n\n\n<h2 class=\"wp-block-heading\">Quais S\u00e3o as Normas Estabelecidas pela Nova Lei?<\/h2>\n\n\n\n<p>A legisla\u00e7\u00e3o inclui a restri\u00e7\u00e3o \u00e0 cria\u00e7\u00e3o e venda de pitbulls em Teut\u00f4nia. Esta a\u00e7\u00e3o visa controlar a popula\u00e7\u00e3o desses c\u00e3es e<strong> prevenir a reprodu\u00e7\u00e3o sem controle<\/strong>. A proposta \u00e9 uma resposta \u00e0s preocupa\u00e7\u00f5es sobre a seguran\u00e7a comunit\u00e1ria e a necessidade de conviv\u00eancia harm\u00f4nica entre humanos e animais, promovendo maior responsabilidade por parte dos tutores.<\/p>\n\n\n\n<figure class=\"wp-block-image\"><img decoding=\"async\" src=\"https:\/\/terrabrasilnoticias.com\/wp-content\/uploads\/2024\/11\/pitbull_1732097973013-1024x576.jpg\" alt=\"Cr\u00e9ditos: depositphotos.com \/ guys_who_shoot\"\/><figcaption class=\"wp-element-caption\">Donos de pitbull tem que estar atentos no RS com nova lei \u2013 Cr\u00e9ditos: depositphotos.com \/ guys_who_shoot<\/figcaption><\/figure>\n\n\n\n<h2 class=\"wp-block-heading\">Como Ser\u00e1 a Circula\u00e7\u00e3o dos C\u00e3es em Espacios P\u00fablicos?<\/h2>\n\n\n\n<p>Para incrementar a seguran\u00e7a nas ruas, a nova regulamenta\u00e7\u00e3o exige o uso de focinheiras e guias para pitbulls em locais p\u00fablicos. Isso inclui parques, pra\u00e7as e arredores de estabelecimentos sens\u00edveis, como hospitais e escolas. Apenas adultos, maiores de 18 anos, est\u00e3o autorizados a conduzir esses c\u00e3es, minimizando potenciais riscos para outras pessoas e animais.<\/p>\n\n\n\n<h2 class=\"wp-block-heading\">Quais S\u00e3o as Novas Multas e Penalidades?<\/h2>\n\n\n\n<p>Os tutores de pitbulls enfrentam penalidades em caso de agress\u00f5es. Entre as principais disposi\u00e7\u00f5es est\u00e3o:<\/p>\n\n\n\n<ul class=\"wp-block-list\">\n<li><strong>Multa de at\u00e9 R$ 5 mil:<\/strong> Aplic\u00e1vel se o cachorro ferir algu\u00e9m ou outro animal.<\/li>\n\n\n\n<li><strong>Reincid\u00eancia:<\/strong> Em caso de repeti\u00e7\u00e3o do incidente, a multa ser\u00e1 duplicada. Totalizando em R$ 10 mil.<\/li>\n\n\n\n<li><strong>Poss\u00edvel apreens\u00e3o:<\/strong> O c\u00e3o envolvido em agress\u00e3o pode ser retirado do dono.<\/li>\n\n\n\n<li><strong>Compensa\u00e7\u00e3o por preju\u00edzos:<\/strong> O dono deve cobrir qualquer dano provocado pelo animal.<\/li>\n<\/ul>\n\n\n\n<h2 class=\"wp-block-heading\">Como Ser\u00e1 a Aplica\u00e7\u00e3o e Fiscaliza\u00e7\u00e3o da Lei?<\/h2>\n\n\n\n<p>Ap\u00f3s aprova\u00e7\u00e3o pela c\u00e2mara, cabe agora ao Poder Executivo de Teut\u00f4nia implementar a legisla\u00e7\u00e3o. A administra\u00e7\u00e3o municipal fica respons\u00e1vel por garantir que as novas normas sejam respeitadas e que a seguran\u00e7a dos cidad\u00e3os seja priorizada. O sucesso dessa iniciativa depende da vigil\u00e2ncia constante e de uma aplica\u00e7\u00e3o rigorosa das disposi\u00e7\u00f5es legais, de forma a salvaguardar o bem-estar da popula\u00e7\u00e3o.<\/p>\n\n\n\n<p><strong><em>Fonte: Terra Brasil Not\u00edcias<\/em><\/strong><\/p>\n","protected":false},"excerpt":{"rendered":"<p>Em setembro de 2024, um marco regulat\u00f3rio foi estabelecido em Teut\u00f4nia, uma cidade no Rio Grande do Sul, com a<\/p>\n","protected":false},"author":1,"featured_media":8909,"comment_status":"open","ping_status":"open","sticky":false,"template":"","format":"standard","meta":{"footnotes":""},"categories":[2],"tags":[],"class_list":["post-8908","post","type-post","status-publish","format-standard","has-post-thumbnail","hentry","category-noticias"],"_links":{"self":[{"href":"https:\/\/jornaloalvorada.com.br\/site\/wp-json\/wp\/v2\/posts\/8908","targetHints":{"allow":["GET"]}}],"collection":[{"href":"https:\/\/jornaloalvorada.com.br\/site\/wp-json\/wp\/v2\/posts"}],"about":[{"href":"https:\/\/jornaloalvorada.com.br\/site\/wp-json\/wp\/v2\/types\/post"}],"author":[{"embeddable":true,"href":"https:\/\/jornaloalvorada.com.br\/site\/wp-json\/wp\/v2\/users\/1"}],"replies":[{"embeddable":true,"href":"https:\/\/jornaloalvorada.com.br\/site\/wp-json\/wp\/v2\/comments?post=8908"}],"version-history":[{"count":1,"href":"https:\/\/jornaloalvorada.com.br\/site\/wp-json\/wp\/v2\/posts\/8908\/revisions"}],"predecessor-version":[{"id":8910,"href":"https:\/\/jornaloalvorada.com.br\/site\/wp-json\/wp\/v2\/posts\/8908\/revisions\/8910"}],"wp:featuredmedia":[{"embeddable":true,"href":"https:\/\/jornaloalvorada.com.br\/site\/wp-json\/wp\/v2\/media\/8909"}],"wp:attachment":[{"href":"https:\/\/jornaloalvorada.com.br\/site\/wp-json\/wp\/v2\/media?parent=8908"}],"wp:term":[{"taxonomy":"category","embeddable":true,"href":"https:\/\/jornaloalvorada.com.br\/site\/wp-json\/wp\/v2\/categories?post=8908"},{"taxonomy":"post_tag","embeddable":true,"href":"https:\/\/jornaloalvorada.com.br\/site\/wp-json\/wp\/v2\/tags?post=8908"}],"curies":[{"name":"wp","href":"https:\/\/api.w.org\/{rel}","templated":true}]}}