{"id":8905,"date":"2024-12-30T16:29:27","date_gmt":"2024-12-30T20:29:27","guid":{"rendered":"https:\/\/jornaloalvorada.com.br\/site\/?p=8905"},"modified":"2024-12-30T16:29:29","modified_gmt":"2024-12-30T20:29:29","slug":"prazo-para-todos-os-veiculos-brasileiros-mudarem-para-as-placas-mercosul-nova-lei-das-placas-para-2025","status":"publish","type":"post","link":"https:\/\/jornaloalvorada.com.br\/site\/2024\/12\/30\/prazo-para-todos-os-veiculos-brasileiros-mudarem-para-as-placas-mercosul-nova-lei-das-placas-para-2025\/","title":{"rendered":"Prazo para todos os ve\u00edculos brasileiros mudarem para as placas Mercosul! Nova lei das placas para 2025!"},"content":{"rendered":"\n<p>As placas de identifica\u00e7\u00e3o dos ve\u00edculos no Brasil passaram por uma significativa renova\u00e7\u00e3o com a introdu\u00e7\u00e3o do modelo Mercosul. Regulamentadas pela Lei<a href=\"https:\/\/www.planalto.gov.br\/ccivil_03\/_ato2023-2026\/2023\/lei\/l14562.htm\"> 14.562\/23<\/a>, essas placas t\u00eam como objetivo aprimorar a seguran\u00e7a e facilitar a circula\u00e7\u00e3o de ve\u00edculos entre os pa\u00edses integrantes do Mercosul. Com um design unificado, as placas visam reduzir as fraudes e modernizar o sistema de identifica\u00e7\u00e3o veicular.<\/p>\n\n\n\n<p>Essas inova\u00e7\u00f5es impactam tanto a est\u00e9tica dos ve\u00edculos quanto as normativas legais, oferecendo novas vantagens, mas tamb\u00e9m desafios e preocupa\u00e7\u00f5es em rela\u00e7\u00e3o \u00e0 manipula\u00e7\u00e3o ilegal. Este artigo explora as caracter\u00edsticas das novas placas, os momentos em que \u00e9 necess\u00e1rio realizar a troca, bem como as implica\u00e7\u00f5es legais de poss\u00edveis infra\u00e7\u00f5es.<\/p>\n\n\n\n<h2 class=\"wp-block-heading\">O que s\u00e3o as novas placas Mercosul?<\/h2>\n\n\n\n<p>As novas placas Mercosul representam uma padroniza\u00e7\u00e3o das placas de ve\u00edculos em todos os pa\u00edses do Mercosul, como Brasil, Argentina, Paraguai e Uruguai. Essa mudan\u00e7a visa facilitar a identifica\u00e7\u00e3o dos ve\u00edculos em toda a regi\u00e3o e melhorar a seguran\u00e7a no tr\u00e2nsito.<\/p>\n\n\n\n<p><strong>Quais as principais mudan\u00e7as em rela\u00e7\u00e3o \u00e0s placas antigas?<\/strong><\/p>\n\n\n\n<ul class=\"wp-block-list\">\n<li><strong>Padroniza\u00e7\u00e3o:<\/strong> Todas as placas seguem um mesmo modelo, com o objetivo de facilitar a identifica\u00e7\u00e3o em qualquer pa\u00eds do bloco.<\/li>\n\n\n\n<li><strong>Mais combina\u00e7\u00f5es:<\/strong> O novo formato permite um n\u00famero muito maior de combina\u00e7\u00f5es poss\u00edveis, o que dificulta a clonagem das placas.<\/li>\n\n\n\n<li><strong>QR Code:<\/strong> As placas possuem um QR Code que cont\u00e9m informa\u00e7\u00f5es sobre o ve\u00edculo, como fabricante, data de fabrica\u00e7\u00e3o e n\u00famero de s\u00e9rie.<\/li>\n\n\n\n<li><strong>Cores:<\/strong> A cor do fundo da placa \u00e9 branca, enquanto a cor das letras e n\u00fameros varia de acordo com a categoria do ve\u00edculo (por exemplo, preto para carros particulares, vermelho para t\u00e1xis).<\/li>\n\n\n\n<li><strong>Formato:<\/strong> A sequ\u00eancia de letras e n\u00fameros \u00e9 diferente das placas antigas, com quatro letras e tr\u00eas n\u00fameros intercalados.<\/li>\n<\/ul>\n\n\n\n<p><strong>Quais os benef\u00edcios das novas placas?<\/strong><\/p>\n\n\n\n<ul class=\"wp-block-list\">\n<li><strong>Maior seguran\u00e7a:<\/strong> A padroniza\u00e7\u00e3o e o aumento do n\u00famero de combina\u00e7\u00f5es dificultam a clonagem das placas, reduzindo o n\u00famero de ve\u00edculos roubados.<\/li>\n\n\n\n<li><strong>Facilidade na identifica\u00e7\u00e3o:<\/strong> As placas s\u00e3o mais f\u00e1ceis de identificar, tanto por sistemas eletr\u00f4nicos quanto por pessoas.<\/li>\n\n\n\n<li><strong>Integra\u00e7\u00e3o regional:<\/strong> A padroniza\u00e7\u00e3o contribui para a integra\u00e7\u00e3o entre os pa\u00edses do Mercosul, facilitando a circula\u00e7\u00e3o de ve\u00edculos.<\/li>\n<\/ul>\n\n\n\n<p><strong>Quando as novas placas come\u00e7aram a ser utilizadas?<\/strong><\/p>\n\n\n\n<p>A ado\u00e7\u00e3o das novas placas \u00e9 gradual. Desde 2020, todos os ve\u00edculos zero quil\u00f4metro j\u00e1 s\u00e3o emplacados com o novo modelo. Para os ve\u00edculos j\u00e1 cadastrados, a troca \u00e9 obrigat\u00f3ria apenas em casos como transfer\u00eancia de propriedade ou mudan\u00e7a de estado.<\/p>\n\n\n\n<h2 class=\"wp-block-heading\">Qual \u00e9 o prazo para a troca das placas Mercosul?<\/h2>\n\n\n\n<p>A implementa\u00e7\u00e3o das placas Mercosul \u00e9 obrigat\u00f3ria para ve\u00edculos novos no Brasil desde 2020. Para ve\u00edculos usados, a troca s\u00f3 \u00e9 exigida em ocasi\u00f5es como a transfer\u00eancia de propriedade ou mudan\u00e7a de endere\u00e7o para outro estado. Assim, n\u00e3o existe um prazo \u00fanico para todos, e \u00e9 aconselh\u00e1vel que os propriet\u00e1rios consultem o&nbsp;<strong>Detran<\/strong>&nbsp;de sua regi\u00e3o para obter orienta\u00e7\u00f5es precisas sobre a necessidade de troca.<\/p>\n\n\n\n<p><strong>Entenda o porqu\u00ea:<\/strong><\/p>\n\n\n\n<ul class=\"wp-block-list\">\n<li><strong>Ve\u00edculos novos:<\/strong> Desde 2020, todos os ve\u00edculos novos j\u00e1 s\u00e3o emplacados com o modelo Mercosul.<\/li>\n\n\n\n<li><strong>Ve\u00edculos usados:<\/strong> A troca da placa cinza pela Mercosul para ve\u00edculos usados n\u00e3o \u00e9 obrigat\u00f3ria e n\u00e3o h\u00e1 um prazo definido para isso.<\/li>\n\n\n\n<li><strong>Situa\u00e7\u00f5es espec\u00edficas:<\/strong> A troca pode ser necess\u00e1ria em casos como:\n<ul class=\"wp-block-list\">\n<li><strong>Transfer\u00eancia de propriedade:<\/strong> Ao vender ou comprar um ve\u00edculo, a nova placa pode ser solicitada.<\/li>\n\n\n\n<li><strong>Mudan\u00e7a de estado:<\/strong> Em alguns casos, a mudan\u00e7a de estado pode exigir a troca da placa.<\/li>\n\n\n\n<li><strong>Danifica\u00e7\u00e3o da placa:<\/strong> Se a placa atual estiver danificada, a troca \u00e9 obrigat\u00f3ria.<\/li>\n<\/ul>\n<\/li>\n<\/ul>\n\n\n\n<p><strong>Por que n\u00e3o h\u00e1 um prazo \u00fanico?<\/strong><\/p>\n\n\n\n<p>A falta de um prazo nacional para a troca das placas se deve a diversos fatores, como:<\/p>\n\n\n\n<ul class=\"wp-block-list\">\n<li><strong>Estoque de placas:<\/strong> Cada estado possui um estoque de placas antigas, o que pode influenciar a velocidade da transi\u00e7\u00e3o.<\/li>\n\n\n\n<li><strong>Custos:<\/strong> A troca da placa envolve custos, como a emiss\u00e3o da nova placa e a altera\u00e7\u00e3o da documenta\u00e7\u00e3o do ve\u00edculo.<\/li>\n\n\n\n<li><strong>Log\u00edstica:<\/strong> A implementa\u00e7\u00e3o da nova placa exige uma grande opera\u00e7\u00e3o log\u00edstica, envolvendo Detrans, fabricantes de ve\u00edculos e outros \u00f3rg\u00e3os.<\/li>\n<\/ul>\n\n\n\n<p><strong>O que fazer?<\/strong><\/p>\n\n\n\n<ul class=\"wp-block-list\">\n<li><strong>Consulte o Detran do seu estado:<\/strong> A legisla\u00e7\u00e3o sobre a troca de placas pode variar de um estado para outro. O Detran do seu estado poder\u00e1 fornecer informa\u00e7\u00f5es mais precisas sobre a situa\u00e7\u00e3o em sua regi\u00e3o.<\/li>\n\n\n\n<li><strong>Acompanhe as not\u00edcias:<\/strong> Fique atento \u00e0s not\u00edcias sobre a troca de placas, pois as regras podem mudar ao longo do tempo.<\/li>\n<\/ul>\n\n\n\n<h2 class=\"wp-block-heading\">O que acontece com quem n\u00e3o troca para a placa Mercosul?<\/h2>\n\n\n\n<p><strong>A obrigatoriedade da troca da placa para o modelo Mercosul varia de acordo com a situa\u00e7\u00e3o do ve\u00edculo e a legisla\u00e7\u00e3o de cada estado.<\/strong><\/p>\n\n\n\n<p><strong>Em geral, a troca \u00e9 obrigat\u00f3ria nos seguintes casos:<\/strong><\/p>\n\n\n\n<ul class=\"wp-block-list\">\n<li><strong>Transfer\u00eancia de propriedade:<\/strong> Ao vender ou comprar um ve\u00edculo, a nova placa Mercosul \u00e9 obrigat\u00f3ria.<\/li>\n\n\n\n<li><strong>Mudan\u00e7a de munic\u00edpio:<\/strong> Ao mudar de cidade, o ve\u00edculo deve ter a placa atualizada.<\/li>\n\n\n\n<li><strong>Danifica\u00e7\u00e3o da placa:<\/strong> Se a placa atual estiver danificada, a troca \u00e9 obrigat\u00f3ria para garantir a seguran\u00e7a e a identifica\u00e7\u00e3o do ve\u00edculo.<\/li>\n\n\n\n<li><strong>Ve\u00edculos novos:<\/strong> Todos os ve\u00edculos novos j\u00e1 s\u00e3o emplacados com o modelo Mercosul.<\/li>\n<\/ul>\n\n\n\n<p><strong>Se a troca n\u00e3o for realizada nos casos em que \u00e9 obrigat\u00f3ria, o propriet\u00e1rio do ve\u00edculo pode estar sujeito \u00e0s seguintes penalidades:<\/strong><\/p>\n\n\n\n<ul class=\"wp-block-list\">\n<li><strong>Multa:<\/strong> O valor da multa pode variar de acordo com a infra\u00e7\u00e3o, mas geralmente \u00e9 considerada grav\u00edssima.<\/li>\n\n\n\n<li><strong>Pontos na CNH:<\/strong> A infra\u00e7\u00e3o pode gerar pontos na Carteira Nacional de Habilita\u00e7\u00e3o (CNH) do propriet\u00e1rio.<\/li>\n\n\n\n<li><strong>Apreens\u00e3o do ve\u00edculo:<\/strong> Em alguns casos, o ve\u00edculo pode ser apreendido durante uma blitz ou fiscaliza\u00e7\u00e3o.<\/li>\n<\/ul>\n\n\n\n<p><strong>\u00c9 importante ressaltar que a n\u00e3o troca da placa Mercosul quando n\u00e3o h\u00e1 obrigatoriedade n\u00e3o gera penalidades.<\/strong> No entanto, \u00e9 recomendado que o propriet\u00e1rio se mantenha informado sobre as mudan\u00e7as na legisla\u00e7\u00e3o e consulte o Detran de seu estado para obter informa\u00e7\u00f5es precisas sobre o seu caso.<\/p>\n\n\n\n<h2 class=\"wp-block-heading\">Quais tend\u00eancias futuras s\u00e3o esperadas com as novas placas?<\/h2>\n\n\n\n<p>Desde a introdu\u00e7\u00e3o do novo modelo de placas, o aumento no monitoramento e na fiscaliza\u00e7\u00e3o t\u00eam resultado em um n\u00famero maior de casos de fraudes identificados. A expectativa para o futuro \u00e9 que a aplica\u00e7\u00e3o cont\u00ednua dessas normas promova um ambiente de tr\u00e2nsito mais seguro e aderente \u00e0s&nbsp;<strong>normas internacionais<\/strong>.<\/p>\n\n\n\n<p>O compromisso constante das autoridades em revisar e atualizar as regulamenta\u00e7\u00f5es sinaliza um tr\u00e2nsito mais seguro, refletindo n\u00e3o apenas um investimento em seguran\u00e7a, mas tamb\u00e9m em efici\u00eancia nas estradas brasileiras.<\/p>\n\n\n\n<p><strong><em>Fonte: Terra Brasil Not\u00edcias<\/em><\/strong><\/p>\n","protected":false},"excerpt":{"rendered":"<p>As placas de identifica\u00e7\u00e3o dos ve\u00edculos no Brasil passaram por uma significativa renova\u00e7\u00e3o com a introdu\u00e7\u00e3o do modelo Mercosul. Regulamentadas<\/p>\n","protected":false},"author":1,"featured_media":8906,"comment_status":"open","ping_status":"open","sticky":false,"template":"","format":"standard","meta":{"footnotes":""},"categories":[2],"tags":[],"class_list":["post-8905","post","type-post","status-publish","format-standard","has-post-thumbnail","hentry","category-noticias"],"_links":{"self":[{"href":"https:\/\/jornaloalvorada.com.br\/site\/wp-json\/wp\/v2\/posts\/8905","targetHints":{"allow":["GET"]}}],"collection":[{"href":"https:\/\/jornaloalvorada.com.br\/site\/wp-json\/wp\/v2\/posts"}],"about":[{"href":"https:\/\/jornaloalvorada.com.br\/site\/wp-json\/wp\/v2\/types\/post"}],"author":[{"embeddable":true,"href":"https:\/\/jornaloalvorada.com.br\/site\/wp-json\/wp\/v2\/users\/1"}],"replies":[{"embeddable":true,"href":"https:\/\/jornaloalvorada.com.br\/site\/wp-json\/wp\/v2\/comments?post=8905"}],"version-history":[{"count":1,"href":"https:\/\/jornaloalvorada.com.br\/site\/wp-json\/wp\/v2\/posts\/8905\/revisions"}],"predecessor-version":[{"id":8907,"href":"https:\/\/jornaloalvorada.com.br\/site\/wp-json\/wp\/v2\/posts\/8905\/revisions\/8907"}],"wp:featuredmedia":[{"embeddable":true,"href":"https:\/\/jornaloalvorada.com.br\/site\/wp-json\/wp\/v2\/media\/8906"}],"wp:attachment":[{"href":"https:\/\/jornaloalvorada.com.br\/site\/wp-json\/wp\/v2\/media?parent=8905"}],"wp:term":[{"taxonomy":"category","embeddable":true,"href":"https:\/\/jornaloalvorada.com.br\/site\/wp-json\/wp\/v2\/categories?post=8905"},{"taxonomy":"post_tag","embeddable":true,"href":"https:\/\/jornaloalvorada.com.br\/site\/wp-json\/wp\/v2\/tags?post=8905"}],"curies":[{"name":"wp","href":"https:\/\/api.w.org\/{rel}","templated":true}]}}