{"id":8898,"date":"2024-12-30T15:36:35","date_gmt":"2024-12-30T19:36:35","guid":{"rendered":"https:\/\/jornaloalvorada.com.br\/site\/?p=8898"},"modified":"2024-12-30T15:36:38","modified_gmt":"2024-12-30T19:36:38","slug":"a-prefeitura-municipal-anuncia-que-o-salario-dos-servidores-ja-esta-na-conta","status":"publish","type":"post","link":"https:\/\/jornaloalvorada.com.br\/site\/2024\/12\/30\/a-prefeitura-municipal-anuncia-que-o-salario-dos-servidores-ja-esta-na-conta\/","title":{"rendered":"A Prefeitura Municipal anuncia que o sal\u00e1rio dos servidores j\u00e1 est\u00e1 na conta"},"content":{"rendered":"\n<p>Na manh\u00e3 desta segunda-feira a prefeitura, efetuou o pagamento do sal\u00e1rio dos servidores referente ao m\u00eas de Dezembro. \u201cPagamento em dia \u00e9 prioridade de nossa administra\u00e7\u00e3o. Desta forma a Administra\u00e7\u00e3o Municipal efetua o pagamento da folha de Dezembro a todos servidores, assim garantindo que todos possam se programar e ter um final de ano mais feliz. Nossos servidores sempre receber\u00e3o em dia\u201d, frisa Prefeito Paleari.<\/p>\n","protected":false},"excerpt":{"rendered":"<p>Na manh\u00e3 desta segunda-feira a prefeitura, efetuou o pagamento do sal\u00e1rio dos servidores referente ao m\u00eas de Dezembro. \u201cPagamento em<\/p>\n","protected":false},"author":1,"featured_media":8899,"comment_status":"open","ping_status":"open","sticky":false,"template":"","format":"standard","meta":{"footnotes":""},"categories":[2],"tags":[],"class_list":["post-8898","post","type-post","status-publish","format-standard","has-post-thumbnail","hentry","category-noticias"],"_links":{"self":[{"href":"https:\/\/jornaloalvorada.com.br\/site\/wp-json\/wp\/v2\/posts\/8898","targetHints":{"allow":["GET"]}}],"collection":[{"href":"https:\/\/jornaloalvorada.com.br\/site\/wp-json\/wp\/v2\/posts"}],"about":[{"href":"https:\/\/jornaloalvorada.com.br\/site\/wp-json\/wp\/v2\/types\/post"}],"author":[{"embeddable":true,"href":"https:\/\/jornaloalvorada.com.br\/site\/wp-json\/wp\/v2\/users\/1"}],"replies":[{"embeddable":true,"href":"https:\/\/jornaloalvorada.com.br\/site\/wp-json\/wp\/v2\/comments?post=8898"}],"version-history":[{"count":1,"href":"https:\/\/jornaloalvorada.com.br\/site\/wp-json\/wp\/v2\/posts\/8898\/revisions"}],"predecessor-version":[{"id":8900,"href":"https:\/\/jornaloalvorada.com.br\/site\/wp-json\/wp\/v2\/posts\/8898\/revisions\/8900"}],"wp:featuredmedia":[{"embeddable":true,"href":"https:\/\/jornaloalvorada.com.br\/site\/wp-json\/wp\/v2\/media\/8899"}],"wp:attachment":[{"href":"https:\/\/jornaloalvorada.com.br\/site\/wp-json\/wp\/v2\/media?parent=8898"}],"wp:term":[{"taxonomy":"category","embeddable":true,"href":"https:\/\/jornaloalvorada.com.br\/site\/wp-json\/wp\/v2\/categories?post=8898"},{"taxonomy":"post_tag","embeddable":true,"href":"https:\/\/jornaloalvorada.com.br\/site\/wp-json\/wp\/v2\/tags?post=8898"}],"curies":[{"name":"wp","href":"https:\/\/api.w.org\/{rel}","templated":true}]}}