{"id":8893,"date":"2024-12-30T15:29:11","date_gmt":"2024-12-30T19:29:11","guid":{"rendered":"https:\/\/jornaloalvorada.com.br\/site\/?p=8893"},"modified":"2024-12-30T15:39:24","modified_gmt":"2024-12-30T19:39:24","slug":"israel-gomes-lidera-disputa-pela-presidencia-da-camara-de-vereadores","status":"publish","type":"post","link":"https:\/\/jornaloalvorada.com.br\/site\/2024\/12\/30\/israel-gomes-lidera-disputa-pela-presidencia-da-camara-de-vereadores\/","title":{"rendered":"Israel Gomes lidera disputa pela presid\u00eancia da C\u00e2mara de Vereadores"},"content":{"rendered":"\n<p>Com sete votos consolidados para presidir a C\u00e2mara Municipal de Nova Alvorada do Sul na legislatura 2025-2026, o vereador reeleito Israel Gomes (PP), lidera a disputa pela presid\u00eancia da C\u00e2mara Municipal de Vereadores de Nova Alvorada do Sul.<\/p>\n\n\n\n<p>Israel Gomes foi o vereador mais votado nas elei\u00e7\u00f5es municipais deste ano, e tem recebido apoio e compromisso de ao menos 7 vereadores. A chapa que j\u00e1 foi assinada e registrada em cart\u00f3rio, demonstra maturidade, seriedade e compromisso com o grupo em prol de um legislativo forte e transparente.<\/p>\n\n\n\n<p>A elei\u00e7\u00e3o na mesa diretora ser\u00e1 na pr\u00f3xima quarta-feira (01) de Janeiro de 2025 com in\u00edcio \u00e0s 08h. e ser\u00e1 a primeira sess\u00e3o onde cada vereador votar\u00e1 de forma aberta.<\/p>\n\n\n\n<p>Os titulares da mesa diretora s\u00e3o, Presidente da C\u00e2mara Municipal, Vice-presidente, Primeiro Secret\u00e1rio e Segundo Secret\u00e1rio.<\/p>\n\n\n\n<p>Conforme apura\u00e7\u00e3o junto a assessoria do Vereador, existe a constru\u00e7\u00e3o de um di\u00e1logo para buscar vota\u00e7\u00e3o consenso o que na opini\u00e3o do Vereador \u00e9 um legislativo unido e fortalecido.<\/p>\n\n\n\n<p>\u201cEstamos j\u00e1 na reta final, e com uma chapa com sete integrantes j\u00e1 definidos, mas o que gostar\u00edamos \u00e9 uma vota\u00e7\u00e3o de consenso, que eu acredito que ir\u00e1 ocorrer\u201d comentou o vereador<\/p>\n\n\n\n<p>J\u00e1 sobre boatos de interfer\u00eancia do executivo na disputa da presid\u00eancia da c\u00e2mara, o vereador explica que sempre ir\u00e3o existir os boatos, articula\u00e7\u00f5es. Por\u00e9m est\u00e1 firme quando a palavra do Prefeito de n\u00e3o interferir e que a decis\u00e3o \u00e9 dos vereadores e que ir\u00e1 respeitar a decis\u00e3o da maioria.<\/p>\n\n\n\n<p>Nesta elei\u00e7\u00e3o todos os 11 vereadores foram eleitos na base do prefeito, demonstrando que o momento pol\u00edtico exige uni\u00e3o em prol de uma cidade mais justa e melhor para todos.<\/p>\n\n\n\n<p><strong><em>Fonte: Midia Nas<\/em><\/strong><\/p>\n\n\n\n<p><\/p>\n","protected":false},"excerpt":{"rendered":"<p>Com sete votos consolidados para presidir a C\u00e2mara Municipal de Nova Alvorada do Sul na legislatura 2025-2026, o vereador reeleito<\/p>\n","protected":false},"author":1,"featured_media":8894,"comment_status":"open","ping_status":"open","sticky":false,"template":"","format":"standard","meta":{"footnotes":""},"categories":[2],"tags":[],"class_list":["post-8893","post","type-post","status-publish","format-standard","has-post-thumbnail","hentry","category-noticias"],"_links":{"self":[{"href":"https:\/\/jornaloalvorada.com.br\/site\/wp-json\/wp\/v2\/posts\/8893","targetHints":{"allow":["GET"]}}],"collection":[{"href":"https:\/\/jornaloalvorada.com.br\/site\/wp-json\/wp\/v2\/posts"}],"about":[{"href":"https:\/\/jornaloalvorada.com.br\/site\/wp-json\/wp\/v2\/types\/post"}],"author":[{"embeddable":true,"href":"https:\/\/jornaloalvorada.com.br\/site\/wp-json\/wp\/v2\/users\/1"}],"replies":[{"embeddable":true,"href":"https:\/\/jornaloalvorada.com.br\/site\/wp-json\/wp\/v2\/comments?post=8893"}],"version-history":[{"count":2,"href":"https:\/\/jornaloalvorada.com.br\/site\/wp-json\/wp\/v2\/posts\/8893\/revisions"}],"predecessor-version":[{"id":8897,"href":"https:\/\/jornaloalvorada.com.br\/site\/wp-json\/wp\/v2\/posts\/8893\/revisions\/8897"}],"wp:featuredmedia":[{"embeddable":true,"href":"https:\/\/jornaloalvorada.com.br\/site\/wp-json\/wp\/v2\/media\/8894"}],"wp:attachment":[{"href":"https:\/\/jornaloalvorada.com.br\/site\/wp-json\/wp\/v2\/media?parent=8893"}],"wp:term":[{"taxonomy":"category","embeddable":true,"href":"https:\/\/jornaloalvorada.com.br\/site\/wp-json\/wp\/v2\/categories?post=8893"},{"taxonomy":"post_tag","embeddable":true,"href":"https:\/\/jornaloalvorada.com.br\/site\/wp-json\/wp\/v2\/tags?post=8893"}],"curies":[{"name":"wp","href":"https:\/\/api.w.org\/{rel}","templated":true}]}}