{"id":8887,"date":"2024-12-30T10:42:50","date_gmt":"2024-12-30T14:42:50","guid":{"rendered":"https:\/\/jornaloalvorada.com.br\/site\/?p=8887"},"modified":"2024-12-30T10:42:53","modified_gmt":"2024-12-30T14:42:53","slug":"defesa-de-oswaldo-eustaquio-volta-a-criticar-processo-de-extradicao-e-diz-que-paises-extraditam-assassinos-e-nao-cidadaos-comuns","status":"publish","type":"post","link":"https:\/\/jornaloalvorada.com.br\/site\/2024\/12\/30\/defesa-de-oswaldo-eustaquio-volta-a-criticar-processo-de-extradicao-e-diz-que-paises-extraditam-assassinos-e-nao-cidadaos-comuns\/","title":{"rendered":"Defesa de Oswaldo Eust\u00e1quio volta a criticar processo de extradi\u00e7\u00e3o e diz que pa\u00edses extraditam assassinos e n\u00e3o cidad\u00e3os comuns"},"content":{"rendered":"\n<p>A defesa de Oswaldo Eust\u00e1quio voltou a criticar o processo que pode extraditar o jornalista, atualmente exilado na Espanha.<\/p>\n\n\n\n<p>O pa\u00eds come\u00e7ou a analisar o pedido do Minist\u00e9rio da Justi\u00e7a do Brasil. Eust\u00e1quio tem mandados de pris\u00e3o expedidos contra ele pelo ministro Alexandre de Moraes, do Supremo Tribunal Federal (STF).<\/p>\n\n\n\n<p>Conforme o advogado de Eust\u00e1quio, Ricardo Vasconcellos, a Espanha recebeu o pedido, mas n\u00e3o conceder\u00e1 a extradi\u00e7\u00e3o.<\/p>\n\n\n\n<p>\u201cPessoas extraditadas s\u00e3o aquelas que cometem crimes graves, como assassinatos ou crimes contra a humanidade, n\u00e3o algu\u00e9m perseguido por um ministro autorit\u00e1rio\u201d, declarou o jurista a Oeste, no s\u00e1bado 28.<\/p>\n\n\n\n<p>Para Vasconcellos, a negativa ser\u00e1 mais uma \u201cvergonha internacional\u201d para o MJ e o STF.<\/p>\n\n\n\n<p>Na semana passada, as autoridades da Espanha notificaram Eust\u00e1quio, sobre o in\u00edcio do processo. A primeira etapa consiste em avaliar os termos apresentados pelo Brasil para verificar se o pedido atende \u00e0s normas internacionais. Caso seja considerado v\u00e1lido, o caso ser\u00e1 encaminhado ao governo espanhol. Caso contr\u00e1rio, o pedido ser\u00e1 devolvido.<\/p>\n\n\n\n<p>Em outubro, Moraes solicitou a extradi\u00e7\u00e3o de Eust\u00e1quio. O jornalista \u00e9 considerado foragido pela Justi\u00e7a brasileira.<\/p>\n\n\n\n<p>Para uma extradi\u00e7\u00e3o ser concedida pelo sistema jur\u00eddico internacional, \u00e9 necess\u00e1rio que essa condi\u00e7\u00e3o seja atendida.<\/p>\n\n\n\n<p>O advogado do jornalista argumentou que os crimes atribu\u00eddos a Eust\u00e1quio n\u00e3o t\u00eam a gravidade necess\u00e1ria para justificar sua extradi\u00e7\u00e3o, especialmente em um contexto de persegui\u00e7\u00e3o pol\u00edtica.<\/p>\n\n\n\n<p>\u201cO artigo 13 da Constitui\u00e7\u00e3o Espanhola pro\u00edbe a extradi\u00e7\u00e3o de indiv\u00edduos por motivos pol\u00edticos\u201d, disse o advogado. \u201cA pr\u00f3pria Constitui\u00e7\u00e3o do Brasil tamb\u00e9m impede pedidos de extradi\u00e7\u00e3o que tenham natureza pol\u00edtica.\u201d<\/p>\n\n\n\n<p>Vasconcellos destaca que, ao contr\u00e1rio de outros casos, como o do terrorista italiano Cesare Battisti, o pedido de extradi\u00e7\u00e3o de Eust\u00e1quio n\u00e3o se justifica. Ele explicou que isso ocorre porque n\u00e3o h\u00e1 acusa\u00e7\u00e3o formal contra o brasileiro.<\/p>\n\n\n\n<p>\u201cA extradi\u00e7\u00e3o de Oswaldo n\u00e3o deve prosseguir, pois ele est\u00e1 sob asilo pol\u00edtico, protegido por tratados internacionais entre Brasil e Espanha, que impedem a extradi\u00e7\u00e3o quando h\u00e1 risco de persegui\u00e7\u00e3o pol\u00edtica\u201d, destacou o jurista.<\/p>\n\n\n\n<p>Al\u00e9m de defender o jornalista, Vasconcellos atuou em casos de complexidade. O advogado integrou a equipe que representou a It\u00e1lia no caso Battisti, que se exilou no Brasil e foi extraditado.<\/p>\n\n\n\n<p><strong><em>Fonte: Revista Oeste<\/em><\/strong><\/p>\n","protected":false},"excerpt":{"rendered":"<p>A defesa de Oswaldo Eust\u00e1quio voltou a criticar o processo que pode extraditar o jornalista, atualmente exilado na Espanha. O<\/p>\n","protected":false},"author":1,"featured_media":8888,"comment_status":"open","ping_status":"open","sticky":false,"template":"","format":"standard","meta":{"footnotes":""},"categories":[2],"tags":[],"class_list":["post-8887","post","type-post","status-publish","format-standard","has-post-thumbnail","hentry","category-noticias"],"_links":{"self":[{"href":"https:\/\/jornaloalvorada.com.br\/site\/wp-json\/wp\/v2\/posts\/8887","targetHints":{"allow":["GET"]}}],"collection":[{"href":"https:\/\/jornaloalvorada.com.br\/site\/wp-json\/wp\/v2\/posts"}],"about":[{"href":"https:\/\/jornaloalvorada.com.br\/site\/wp-json\/wp\/v2\/types\/post"}],"author":[{"embeddable":true,"href":"https:\/\/jornaloalvorada.com.br\/site\/wp-json\/wp\/v2\/users\/1"}],"replies":[{"embeddable":true,"href":"https:\/\/jornaloalvorada.com.br\/site\/wp-json\/wp\/v2\/comments?post=8887"}],"version-history":[{"count":1,"href":"https:\/\/jornaloalvorada.com.br\/site\/wp-json\/wp\/v2\/posts\/8887\/revisions"}],"predecessor-version":[{"id":8889,"href":"https:\/\/jornaloalvorada.com.br\/site\/wp-json\/wp\/v2\/posts\/8887\/revisions\/8889"}],"wp:featuredmedia":[{"embeddable":true,"href":"https:\/\/jornaloalvorada.com.br\/site\/wp-json\/wp\/v2\/media\/8888"}],"wp:attachment":[{"href":"https:\/\/jornaloalvorada.com.br\/site\/wp-json\/wp\/v2\/media?parent=8887"}],"wp:term":[{"taxonomy":"category","embeddable":true,"href":"https:\/\/jornaloalvorada.com.br\/site\/wp-json\/wp\/v2\/categories?post=8887"},{"taxonomy":"post_tag","embeddable":true,"href":"https:\/\/jornaloalvorada.com.br\/site\/wp-json\/wp\/v2\/tags?post=8887"}],"curies":[{"name":"wp","href":"https:\/\/api.w.org\/{rel}","templated":true}]}}