{"id":8884,"date":"2024-12-30T10:22:14","date_gmt":"2024-12-30T14:22:14","guid":{"rendered":"https:\/\/jornaloalvorada.com.br\/site\/?p=8884"},"modified":"2024-12-30T10:22:20","modified_gmt":"2024-12-30T14:22:20","slug":"projeto-navio-encerra-o-ano-com-avancos-no-atendimento-as-comunidades-ribeirinhas-do-pantanal","status":"publish","type":"post","link":"https:\/\/jornaloalvorada.com.br\/site\/2024\/12\/30\/projeto-navio-encerra-o-ano-com-avancos-no-atendimento-as-comunidades-ribeirinhas-do-pantanal\/","title":{"rendered":"Projeto Navio encerra o ano com avan\u00e7os no atendimento \u00e0s comunidades ribeirinhas do Pantanal"},"content":{"rendered":"\n<p>O Projeto NAVIO (Navega\u00e7\u00e3o Ampliada para a Vigil\u00e2ncia Intensiva e Otimizada) consolidou-se como um marco na sa\u00fade p\u00fablica brasileira em 2024, levando assist\u00eancia e inova\u00e7\u00e3o para comunidades ribeirinhas do Pantanal. Por meio de uma abordagem integrada de Sa\u00fade \u00danica, o projeto n\u00e3o apenas atendeu moradores de regi\u00f5es remotas, mas tamb\u00e9m investigou a rela\u00e7\u00e3o entre sa\u00fade humana, animal e ambiental, impactadas pelas mudan\u00e7as clim\u00e1ticas.<\/p>\n\n\n\n<p>Neste ano, o projeto alcan\u00e7ou reconhecimento nacional e estadual ao conquistar o 2\u00ba lugar na 28\u00aa edi\u00e7\u00e3o do Concurso de Inova\u00e7\u00e3o no Setor P\u00fablico, promovido pela ENAP (Escola Nacional de Administra\u00e7\u00e3o P\u00fablica), e o 2\u00ba lugar no XIX Pr\u00eamio Sul-Mato-Grossense de Inova\u00e7\u00e3o na Gest\u00e3o P\u00fablica, realizado pela Escolagov (Funda\u00e7\u00e3o Escola de Governo de Mato Grosso do Sul). As premia\u00e7\u00f5es destacaram o car\u00e1ter inovador da iniciativa, que fortalece a gest\u00e3o p\u00fablica e promove acesso a servi\u00e7os de sa\u00fade de qualidade para popula\u00e7\u00f5es vulner\u00e1veis.<\/p>\n\n\n\n<p>Realizado por meio de uma parceria entre a SES\/MS (Secretaria de Estado de Sa\u00fade de Mato Grosso do Sul), Marinha do Brasil, Fiocruz Minas (Funda\u00e7\u00e3o Oswaldo Cruz de Minas Gerais) e SES\/MT (Secretaria de Estado de Sa\u00fade de Mato Grosso), o projeto tem como objetivo monitorar e melhorar a sa\u00fade das comunidades do Pantanal, analisando pat\u00f3genos que afetam a sa\u00fade humana, animal e ambiental. A iniciativa \u00e9 pioneira no pa\u00eds, integrando tecnologia, pesquisa e atendimento direto.<\/p>\n\n\n\n<p>Em sua segunda expedi\u00e7\u00e3o, realizada em mar\u00e7o, o projeto passou por seis comunidades ribeirinhas, incluindo Corumb\u00e1, onde realizou mais de 500 atendimentos m\u00e9dicos e odontol\u00f3gicos. Al\u00e9m disso, foram promovidas a\u00e7\u00f5es de vigil\u00e2ncia em sa\u00fade, vacina\u00e7\u00e3o, distribui\u00e7\u00e3o de filtros de \u00e1gua e educa\u00e7\u00e3o sanit\u00e1ria.<\/p>\n\n\n\n<figure class=\"wp-block-image\"><a href=\"https:\/\/agenciadenoticias.ms.gov.br\/projeto-navio-nova-etapa-garante-mais-qualidade-de-vida-a-populacao-ribeirinha-de-ms\/navio-assistencia-hospitalar3\/\"><img decoding=\"async\" src=\"https:\/\/agenciadenoticias.ms.gov.br\/wp-content\/uploads\/2024\/02\/Navio-Assistencia-Hospitalar3-1024x768.jpeg\" alt=\"\"\/><\/a><\/figure>\n\n\n\n<figure class=\"wp-block-image\"><a href=\"https:\/\/agenciadenoticias.ms.gov.br\/projeto-navio-corumba-tera-atendimento-a-populacao-ribeirinha-nesta-sexta-feira\/navio-assistencia-hospitalar2-1024x768-1\/\"><img decoding=\"async\" src=\"https:\/\/agenciadenoticias.ms.gov.br\/wp-content\/uploads\/2024\/03\/Navio-Assistencia-Hospitalar2-1024x768-1.jpeg\" alt=\"\"\/><\/a><\/figure>\n\n\n\n<p>\u201cEncerramos 2024 com grande orgulho pelo trabalho realizado pelo Projeto NAVIO, que transformou a realidade das comunidades ribeirinhas do Pantanal. Por meio de uma abordagem integrada de Sa\u00fade \u00danica, levamos atendimento m\u00e9dico, odontol\u00f3gico, educa\u00e7\u00e3o em sa\u00fade e vigil\u00e2ncia gen\u00f4mica para quem mais precisa. Este projeto \u00e9 um marco de inova\u00e7\u00e3o e cuidado, que impacta diretamente a vida das popula\u00e7\u00f5es mais vulner\u00e1veis e, em 2025, seguiremos firmes no compromisso de ampliar essas a\u00e7\u00f5es e levar mais sa\u00fade e dignidade para o nosso Pantanal\u201d, enalteceu a secret\u00e1ria adjunta estadual de Sa\u00fade, Crhistinne Maymone.<\/p>\n\n\n\n<p>Para janeiro de 2025, est\u00e1 prevista a terceira expedi\u00e7\u00e3o do projeto, com dura\u00e7\u00e3o de 21 dias, percorrendo o trecho entre Lad\u00e1rio e Porto Murtinho. A iniciativa incluir\u00e1 novas tecnologias e parcerias, ampliando o alcance das a\u00e7\u00f5es e a coleta de dados para fortalecer o monitoramento da sa\u00fade p\u00fablica na regi\u00e3o.<\/p>\n\n\n\n<p>&#8220;Trabalhando de forma integrada entre diferentes setores, conseguimos alcan\u00e7ar resultados expressivos para as popula\u00e7\u00f5es ribeirinhas e para o estado como um todo. \u00c9 muito gratificante perceber o impacto direto na vida dessas pessoas e ver nosso esfor\u00e7o reconhecido por meio das premia\u00e7\u00f5es\u201d, destacou Danila Frias, coordenadora de Sa\u00fade \u00danica da SES\/MS.<\/p>\n\n\n\n<figure class=\"wp-block-image\"><a href=\"https:\/\/agenciadenoticias.ms.gov.br\/projeto-navio-encerra-2024-com-premios-e-avancos-no-atendimento-as-comunidades-ribeirinhas-do-pantanal\/premio-inovacao-31-10-2024-2-2\/\"><img decoding=\"async\" src=\"https:\/\/agenciadenoticias.ms.gov.br\/wp-content\/uploads\/2024\/12\/premio-inovacao-31-10-2024-2.jpeg\" alt=\"\"\/><\/a><\/figure>\n\n\n\n<figure class=\"wp-block-image\"><a href=\"https:\/\/agenciadenoticias.ms.gov.br\/projeto-navio-encerra-2024-com-premios-e-avancos-no-atendimento-as-comunidades-ribeirinhas-do-pantanal\/whatsapp-image-2024-11-26-at-12-30-39-e1732639906367\/\"><img decoding=\"async\" src=\"https:\/\/agenciadenoticias.ms.gov.br\/wp-content\/uploads\/2024\/12\/WhatsApp-Image-2024-11-26-at-12.30.39-e1732639906367.jpeg\" alt=\"\"\/><\/a><\/figure>\n\n\n\n<p>O Projeto NAVIO \u00e9 um exemplo de inova\u00e7\u00e3o e compromisso, n\u00e3o apenas com a sa\u00fade das popula\u00e7\u00f5es ribeirinhas, mas tamb\u00e9m com a sustentabilidade e a inclus\u00e3o, alinhando-se \u00e0s diretrizes do Governo de Mato Grosso do Sul para reduzir desigualdades e promover o bem-estar das comunidades mais distantes.<\/p>\n\n\n\n<p><strong>Parcerias<\/strong><\/p>\n\n\n\n<p>Al\u00e9m da SES\/MS, Marinha do Brasil, Fiocruz Minas e SES\/MT, o projeto conta com o apoio dos Lacens (Laborat\u00f3rio Central de Sa\u00fade P\u00fablica) de Mato Grosso do Sul, Mato Grosso, Minas Gerais e Paran\u00e1, alunos e professores do programa de p\u00f3s-gradua\u00e7\u00e3o de doen\u00e7as infecciosas e parasit\u00e1rias da UFMS (Universidade Federal de Mato Grosso do Sul), pesquisadores da Fiocruz Mato Grosso do Sul, universidades federais de Mato Grosso do Sul, Minas Gerais e Ouro Preto, universidades estaduais de Mato Grosso do Sul e de Feira de Santana da Bahia, Embrapa, OPAS\/OMS (Organiza\u00e7\u00e3o Pan-Americana da Sa\u00fade\/Organiza\u00e7\u00e3o Mundial da Sa\u00fade), Minist\u00e9rio da Sa\u00fade, Loccus, Biomanguinhos, IBMP (Instituto de Biologia Molecular do Paran\u00e1), prefeituras de Lad\u00e1rio, Corumb\u00e1 e Porto Murtinho, Instituto Erasmus de Roterdan da Holanda, Universidade de Stellenbosch da \u00c1frica do Sul, Universidade de Sidney da Austr\u00e1lia e Sistema OCB\/MS.<\/p>\n\n\n\n<p><em>Kamilla Ratier, Comunica\u00e7\u00e3o SES<br><\/em><em>Fotos: Divulga\u00e7\u00e3o SES<\/em><\/p>\n","protected":false},"excerpt":{"rendered":"<p>O Projeto NAVIO (Navega\u00e7\u00e3o Ampliada para a Vigil\u00e2ncia Intensiva e Otimizada) consolidou-se como um marco na sa\u00fade p\u00fablica brasileira em<\/p>\n","protected":false},"author":1,"featured_media":8885,"comment_status":"open","ping_status":"open","sticky":false,"template":"","format":"standard","meta":{"footnotes":""},"categories":[2],"tags":[],"class_list":["post-8884","post","type-post","status-publish","format-standard","has-post-thumbnail","hentry","category-noticias"],"_links":{"self":[{"href":"https:\/\/jornaloalvorada.com.br\/site\/wp-json\/wp\/v2\/posts\/8884","targetHints":{"allow":["GET"]}}],"collection":[{"href":"https:\/\/jornaloalvorada.com.br\/site\/wp-json\/wp\/v2\/posts"}],"about":[{"href":"https:\/\/jornaloalvorada.com.br\/site\/wp-json\/wp\/v2\/types\/post"}],"author":[{"embeddable":true,"href":"https:\/\/jornaloalvorada.com.br\/site\/wp-json\/wp\/v2\/users\/1"}],"replies":[{"embeddable":true,"href":"https:\/\/jornaloalvorada.com.br\/site\/wp-json\/wp\/v2\/comments?post=8884"}],"version-history":[{"count":1,"href":"https:\/\/jornaloalvorada.com.br\/site\/wp-json\/wp\/v2\/posts\/8884\/revisions"}],"predecessor-version":[{"id":8886,"href":"https:\/\/jornaloalvorada.com.br\/site\/wp-json\/wp\/v2\/posts\/8884\/revisions\/8886"}],"wp:featuredmedia":[{"embeddable":true,"href":"https:\/\/jornaloalvorada.com.br\/site\/wp-json\/wp\/v2\/media\/8885"}],"wp:attachment":[{"href":"https:\/\/jornaloalvorada.com.br\/site\/wp-json\/wp\/v2\/media?parent=8884"}],"wp:term":[{"taxonomy":"category","embeddable":true,"href":"https:\/\/jornaloalvorada.com.br\/site\/wp-json\/wp\/v2\/categories?post=8884"},{"taxonomy":"post_tag","embeddable":true,"href":"https:\/\/jornaloalvorada.com.br\/site\/wp-json\/wp\/v2\/tags?post=8884"}],"curies":[{"name":"wp","href":"https:\/\/api.w.org\/{rel}","templated":true}]}}