{"id":8881,"date":"2024-12-30T08:39:51","date_gmt":"2024-12-30T12:39:51","guid":{"rendered":"https:\/\/jornaloalvorada.com.br\/site\/?p=8881"},"modified":"2024-12-30T08:39:53","modified_gmt":"2024-12-30T12:39:53","slug":"reveillon-2025-deve-movimentar-r-32-bilhoes-no-rio-de-janeiro","status":"publish","type":"post","link":"https:\/\/jornaloalvorada.com.br\/site\/2024\/12\/30\/reveillon-2025-deve-movimentar-r-32-bilhoes-no-rio-de-janeiro\/","title":{"rendered":"R\u00e9veillon 2025 deve movimentar R$ 3,2 bilh\u00f5es no Rio de Janeiro"},"content":{"rendered":"\n<p>A festa de R\u00e9veillon deve&nbsp;movimentar R$ 3,2 bilh\u00f5es na economia da cidade do Rio de Janeiro, com a expectativa de que 5&nbsp;milh\u00f5es de pessoas participem dos eventos, conforme <a href=\"https:\/\/observatorioeconomico.rio\/\" target=\"_blank\" rel=\"noreferrer noopener\">estudo<\/a>&nbsp;divulgado&nbsp;neste domingo (29) pela prefeitura.<img decoding=\"async\" src=\"https:\/\/agenciabrasil.ebc.com.br\/ebc.png?id=1625319&amp;o=node\"><img decoding=\"async\" src=\"https:\/\/agenciabrasil.ebc.com.br\/ebc.gif?id=1625319&amp;o=node\"><\/p>\n\n\n\n<p>Segundo o prefeito Eduardo Paes,&nbsp;o p\u00fablico pode esperar novidades nas atra\u00e7\u00f5es deste ano.&nbsp;\u201cEste documento mostra que essa grande festa n\u00e3o gera apenas divers\u00e3o. Atrai muitos turistas e tem um impacto econ\u00f4mico de R$ 3,2 bilh\u00f5es. \u00c9 mais trabalho e renda para o Rio. \u00c9 tamb\u00e9m mais alegria\u201d, disse.<\/p>\n\n\n\n<p>Uma das&nbsp;novidades \u00e9&nbsp;a volta do Palco Leme, que ter\u00e1 apresenta\u00e7\u00f5es de artistas de m\u00fasica gospel, e a estreia dos Palcos Parque Oeste, em Inhoa\u00edba e Parque Realengo. Esses dois espa\u00e7os p\u00fablicos foram inaugurados este ano.<\/p>\n\n\n\n<h2 class=\"wp-block-heading\">Copacabana<\/h2>\n\n\n\n<p>Em Copacabana, na zona sul da capital, v\u00e3o ocorrer shows e queima de fogos.&nbsp;A&nbsp;expectativa \u00e9 receber 2,5 milh\u00f5es de pessoas, entre cariocas e turistas, no segundo maior evento da cidade, ficando atr\u00e1s apenas do Carnaval.<\/p>\n\n\n\n<p>O palco principal, na Praia de Copacabana, em frente ao Hotel Belmond Copacabana Palace, promete ter grande concentra\u00e7\u00e3o de p\u00fablico para assistir aos shows dos cantores <a href=\"https:\/\/agenciabrasil.ebc.com.br\/geral\/noticia\/2024-11\/reveillon-do-rio-tera-este-ano-caetano-ivete-e-bethania\" target=\"_blank\" rel=\"noreferrer noopener\">Caetano Veloso, Maria Beth\u00e2nia, Ivete Sangalo e Anitta<\/a>.<\/p>\n\n\n\n<p>O presidente da Riotur, Patrick Corr\u00eaa, destacou que a proje\u00e7\u00e3o \u00e9 superar os&nbsp;R$ 42 milh\u00f5es arrecadados em Imposto Sobre Servi\u00e7os (ISS)&nbsp;do&nbsp;turismo e eventos no decorrer de&nbsp;2024, que \u201crepresentaram um crescimento de 66,3% em compara\u00e7\u00e3o com 2022 e mais do que o dobro dos n\u00fameros pr\u00e9-pandemia, em 2019&#8243;.<\/p>\n\n\n\n<p>Pelos c\u00e1lculos da segunda edi\u00e7\u00e3o do&nbsp;estudo&nbsp;<em>R\u00e9veillon em Dados<\/em>, cerca de 50 mil empregos devem ser gerados, direta ou indiretamente, pela&nbsp;festa de R\u00e9veillon.&nbsp;<\/p>\n\n\n\n<p>\u201cCom a economia aquecida, o carioca tem mais oportunidades e melhor renda. Tivemos um 2024 especial, com grandes shows e eventos, e vamos iniciar um novo ano tamb\u00e9m promissor\u201d, disse o secret\u00e1rio municipal de Desenvolvimento Urbano e Econ\u00f4mico em exerc\u00edcio, Thiago Dias, em nota divulgada pela prefeitura.<\/p>\n\n\n\n<p>A maior parte dos turistas estrangeiros vem da Argentina, tendo na sequ\u00eancia o Chile e os Estados Unidos. Entre os estados do Brasil, S\u00e3o Paulo e Minas Gerais lideram o ranking.<\/p>\n\n\n\n<p>De acordo com o estudo, pesquisas anteriores&nbsp;indicaram a satisfa\u00e7\u00e3o dos turistas que visitam o Rio. \u201cUm total de 83% das pessoas que responderam ao question\u00e1rio deram notas de 8 ou mais para a cidade. Para 84% das pessoas, a sensa\u00e7\u00e3o de seguran\u00e7a \u00e9 positiva (\u00f3tima ou bom); e a avalia\u00e7\u00e3o \u00e9 positiva sobre os shows (90%) e queima de fogos (83%)\u201d, informou a prefeitura.<\/p>\n\n\n\n<h2 class=\"wp-block-heading\">Opera\u00e7\u00e3o<\/h2>\n\n\n\n<p>O esquema operacional da prefeitura para realiza\u00e7\u00e3o da festa de Ano Novo envolve&nbsp;11 \u00f3rg\u00e3os e&nbsp;8,4 mil servidores. Somente a COMLURB, respons\u00e1vel pela limpeza urbana,&nbsp;aproximadamente 60% dos funcion\u00e1rios ir\u00e3o trabalhar. O planejamento inclui ainda mais de 7&nbsp;mil ve\u00edculos e equipamentos municipais.<\/p>\n\n\n\n<p><strong><em>Fonte: Ag\u00eancia Brasil<\/em><\/strong><\/p>\n","protected":false},"excerpt":{"rendered":"<p>A festa de R\u00e9veillon deve&nbsp;movimentar R$ 3,2 bilh\u00f5es na economia da cidade do Rio de Janeiro, com a expectativa de<\/p>\n","protected":false},"author":1,"featured_media":8882,"comment_status":"open","ping_status":"open","sticky":false,"template":"","format":"standard","meta":{"footnotes":""},"categories":[2],"tags":[],"class_list":["post-8881","post","type-post","status-publish","format-standard","has-post-thumbnail","hentry","category-noticias"],"_links":{"self":[{"href":"https:\/\/jornaloalvorada.com.br\/site\/wp-json\/wp\/v2\/posts\/8881","targetHints":{"allow":["GET"]}}],"collection":[{"href":"https:\/\/jornaloalvorada.com.br\/site\/wp-json\/wp\/v2\/posts"}],"about":[{"href":"https:\/\/jornaloalvorada.com.br\/site\/wp-json\/wp\/v2\/types\/post"}],"author":[{"embeddable":true,"href":"https:\/\/jornaloalvorada.com.br\/site\/wp-json\/wp\/v2\/users\/1"}],"replies":[{"embeddable":true,"href":"https:\/\/jornaloalvorada.com.br\/site\/wp-json\/wp\/v2\/comments?post=8881"}],"version-history":[{"count":1,"href":"https:\/\/jornaloalvorada.com.br\/site\/wp-json\/wp\/v2\/posts\/8881\/revisions"}],"predecessor-version":[{"id":8883,"href":"https:\/\/jornaloalvorada.com.br\/site\/wp-json\/wp\/v2\/posts\/8881\/revisions\/8883"}],"wp:featuredmedia":[{"embeddable":true,"href":"https:\/\/jornaloalvorada.com.br\/site\/wp-json\/wp\/v2\/media\/8882"}],"wp:attachment":[{"href":"https:\/\/jornaloalvorada.com.br\/site\/wp-json\/wp\/v2\/media?parent=8881"}],"wp:term":[{"taxonomy":"category","embeddable":true,"href":"https:\/\/jornaloalvorada.com.br\/site\/wp-json\/wp\/v2\/categories?post=8881"},{"taxonomy":"post_tag","embeddable":true,"href":"https:\/\/jornaloalvorada.com.br\/site\/wp-json\/wp\/v2\/tags?post=8881"}],"curies":[{"name":"wp","href":"https:\/\/api.w.org\/{rel}","templated":true}]}}