{"id":8871,"date":"2024-12-27T07:02:00","date_gmt":"2024-12-27T11:02:00","guid":{"rendered":"https:\/\/jornaloalvorada.com.br\/site\/?p=8871"},"modified":"2024-12-27T07:26:23","modified_gmt":"2024-12-27T11:26:23","slug":"final-de-semana-tem-previsao-de-sol-e-baixa-umidade-relativa-do-ar-no-estado","status":"publish","type":"post","link":"https:\/\/jornaloalvorada.com.br\/site\/2024\/12\/27\/final-de-semana-tem-previsao-de-sol-e-baixa-umidade-relativa-do-ar-no-estado\/","title":{"rendered":"Final de semana tem previs\u00e3o de sol e baixa umidade relativa do ar no Estado"},"content":{"rendered":"\n<p>Neste final de semana a previs\u00e3o \u00e9 de tempo firme, com sol em Mato Grosso do Sul. As temperaturas estar\u00e3o em eleva\u00e7\u00e3o, podendo atingir valores entre 34-37\u00b0C, principalmente nas regi\u00f5es sudoeste e pantaneira. S\u00e3o esperados baixos valores de umidade relativa do ar entre 25-45%.<\/p>\n\n\n\n<p>De acordo com o Cemtec (Centro de Monitoramento do Tempo e do Clima de MS), este cen\u00e1rio ocorre devido a atua\u00e7\u00e3o de um sistema de alta press\u00e3o atmosf\u00e9rica que favorece o tempo mais quente e seco.<\/p>\n\n\n\n<p>Por outro lado, nas regi\u00f5es norte, leste e bols\u00e3o h\u00e1 possibilidade para chuvas de intensidade fraca a moderada devido a atua\u00e7\u00e3o da Zona de Converg\u00eancia do Atl\u00e2ntico Sul (ZCAS). N\u00e3o se descarta que, pontualmente, possam ocorrer chuvas mais intensas e tempestades acompanhadas de raios.<\/p>\n\n\n\n<p>Em rela\u00e7\u00e3o \u00e0s temperaturas, est\u00e3o previstas m\u00ednimas entre 16-22\u00b0C e m\u00e1ximas entre 30-35\u00b0C para as regi\u00f5es sul, leste e sudeste do Estado.<\/p>\n\n\n\n<p>Nas regi\u00f5es pantaneira e sudoeste esperam-se m\u00ednimas entre 17-24\u00b0C e m\u00e1ximas entre 33-37\u00b0C. J\u00e1 nas regi\u00f5es do bols\u00e3o e norte s\u00e3o esperadas m\u00ednimas entre 21-24\u00b0C e m\u00e1ximas entre 28-33\u00b0C.<\/p>\n\n\n\n<p>Em Campo Grande, m\u00ednimas entre 21-24\u00b0C e m\u00e1ximas entre 31-33\u00b0C. Os ventos estar\u00e3o bem vari\u00e1veis variando entre o quadrante oeste e sul com valores entre 30-50 km\/h e, pontualmente, podem ocorrer rajadas de vento acima de 50 km\/h.<\/p>\n\n\n\n<figure class=\"wp-block-image\"><a href=\"https:\/\/agenciadenoticias.ms.gov.br\/final-de-semana-tem-previsao-de-sol-e-baixa-umidade-relativa-do-ar-no-estado\/attachment\/2712\/\"><img decoding=\"async\" src=\"https:\/\/agenciadenoticias.ms.gov.br\/wp-content\/uploads\/2024\/12\/2712.jpg\" alt=\"\"\/><\/a><\/figure>\n\n\n\n<figure class=\"wp-block-image\"><a href=\"https:\/\/agenciadenoticias.ms.gov.br\/final-de-semana-tem-previsao-de-sol-e-baixa-umidade-relativa-do-ar-no-estado\/attachment\/2812\/\"><img decoding=\"async\" src=\"https:\/\/agenciadenoticias.ms.gov.br\/wp-content\/uploads\/2024\/12\/2812.jpg\" alt=\"\"\/><\/a><\/figure>\n\n\n\n<figure class=\"wp-block-image\"><a href=\"https:\/\/agenciadenoticias.ms.gov.br\/final-de-semana-tem-previsao-de-sol-e-baixa-umidade-relativa-do-ar-no-estado\/attachment\/2912\/\"><img decoding=\"async\" src=\"https:\/\/agenciadenoticias.ms.gov.br\/wp-content\/uploads\/2024\/12\/2912.jpg\" alt=\"\"\/><\/a><\/figure>\n\n\n\n<p><em>Leonardo Rocha, Comunica\u00e7\u00e3o do Governo de MS<\/em><br><em>Foto: Bruno Rezende<\/em><\/p>\n","protected":false},"excerpt":{"rendered":"<p>Neste final de semana a previs\u00e3o \u00e9 de tempo firme, com sol em Mato Grosso do Sul. As temperaturas estar\u00e3o<\/p>\n","protected":false},"author":1,"featured_media":5205,"comment_status":"open","ping_status":"open","sticky":false,"template":"","format":"standard","meta":{"footnotes":""},"categories":[2],"tags":[],"class_list":["post-8871","post","type-post","status-publish","format-standard","has-post-thumbnail","hentry","category-noticias"],"_links":{"self":[{"href":"https:\/\/jornaloalvorada.com.br\/site\/wp-json\/wp\/v2\/posts\/8871","targetHints":{"allow":["GET"]}}],"collection":[{"href":"https:\/\/jornaloalvorada.com.br\/site\/wp-json\/wp\/v2\/posts"}],"about":[{"href":"https:\/\/jornaloalvorada.com.br\/site\/wp-json\/wp\/v2\/types\/post"}],"author":[{"embeddable":true,"href":"https:\/\/jornaloalvorada.com.br\/site\/wp-json\/wp\/v2\/users\/1"}],"replies":[{"embeddable":true,"href":"https:\/\/jornaloalvorada.com.br\/site\/wp-json\/wp\/v2\/comments?post=8871"}],"version-history":[{"count":1,"href":"https:\/\/jornaloalvorada.com.br\/site\/wp-json\/wp\/v2\/posts\/8871\/revisions"}],"predecessor-version":[{"id":8872,"href":"https:\/\/jornaloalvorada.com.br\/site\/wp-json\/wp\/v2\/posts\/8871\/revisions\/8872"}],"wp:featuredmedia":[{"embeddable":true,"href":"https:\/\/jornaloalvorada.com.br\/site\/wp-json\/wp\/v2\/media\/5205"}],"wp:attachment":[{"href":"https:\/\/jornaloalvorada.com.br\/site\/wp-json\/wp\/v2\/media?parent=8871"}],"wp:term":[{"taxonomy":"category","embeddable":true,"href":"https:\/\/jornaloalvorada.com.br\/site\/wp-json\/wp\/v2\/categories?post=8871"},{"taxonomy":"post_tag","embeddable":true,"href":"https:\/\/jornaloalvorada.com.br\/site\/wp-json\/wp\/v2\/tags?post=8871"}],"curies":[{"name":"wp","href":"https:\/\/api.w.org\/{rel}","templated":true}]}}