{"id":8862,"date":"2024-12-26T10:28:04","date_gmt":"2024-12-26T14:28:04","guid":{"rendered":"https:\/\/jornaloalvorada.com.br\/site\/?p=8862"},"modified":"2024-12-26T10:28:06","modified_gmt":"2024-12-26T14:28:06","slug":"bancos-voltam-a-funcionar-normalmente-hoje","status":"publish","type":"post","link":"https:\/\/jornaloalvorada.com.br\/site\/2024\/12\/26\/bancos-voltam-a-funcionar-normalmente-hoje\/","title":{"rendered":"Bancos voltam a funcionar normalmente hoje"},"content":{"rendered":"\n<p>As ag\u00eancias banc\u00e1rias voltam a funcionar normalmente nesta quinta-feira (26) para atendimento presencial ao p\u00fablico, ap\u00f3s ficarem fechadas em raz\u00e3o do feriado de Natal.&nbsp;<img decoding=\"async\" src=\"https:\/\/agenciabrasil.ebc.com.br\/ebc.png?id=1625077&amp;o=node\"><img decoding=\"async\" src=\"https:\/\/agenciabrasil.ebc.com.br\/ebc.gif?id=1625077&amp;o=node\"><\/p>\n\n\n\n<p>Segundo a Federa\u00e7\u00e3o Brasileira de Bancos (Febraban), em raz\u00e3o da festa de Ano Novo, o dia 30 de dezembro ser\u00e1 o \u00faltimo dia \u00fatil do ano para atendimento presencial ao p\u00fablico, com expediente normal para a realiza\u00e7\u00e3o de todas as opera\u00e7\u00f5es banc\u00e1rias.<\/p>\n\n\n\n<p>No dia 31, ter\u00e7a-feira, n\u00e3o h\u00e1 expediente banc\u00e1rio e as compensa\u00e7\u00f5es banc\u00e1rias n\u00e3o ser\u00e3o efetivadas. As institui\u00e7\u00f5es s\u00f3 voltar\u00e3o a funcionar normalmente no dia 2 de janeiro, j\u00e1 que o 1\u00b0 de janeiro \u00e9 feriado e os bancos n\u00e3o abrem.<\/p>\n\n\n\n<p>Nesse dia, as compensa\u00e7\u00f5es banc\u00e1rias tamb\u00e9m n\u00e3o ser\u00e3o efetivadas, incluindo a TED. Somente o PIX, que funciona 24 horas todos os dias e feriados, poder\u00e1 ser feito.<\/p>\n\n\n\n<p>Contas de consumo como \u00e1gua, energia e telefone, com vencimento nos dias em que n\u00e3o h\u00e1 compensa\u00e7\u00e3o banc\u00e1ria, 31 e 1 de janeiro, poder\u00e3o ser pagas, sem acr\u00e9scimo, no dia \u00fatil seguinte.<\/p>\n\n\n\n<p>&#8220;J\u00e1 no caso dos tributos e impostos, caso ven\u00e7am no feriado ou nos dias em que n\u00e3o h\u00e1 compensa\u00e7\u00e3o banc\u00e1ria, \u00e9 necess\u00e1rio que o pagamento seja antecipado, para evitar a incid\u00eancia de juros e multa&#8221;, alerta a Febraban.<\/p>\n\n\n\n<p>A federa\u00e7\u00e3o orienta aos correntistas e p\u00fablico em geral a utilizar os meios eletr\u00f4nicos como uma alternativa pr\u00e1tica e segura.<\/p>\n\n\n\n<p>Os clientes&nbsp; podem usar as \u00e1reas de autoatendimento nas ag\u00eancias dispon\u00edveis, e os canais digitais de celulares e computadores, dos bancos, para a realiza\u00e7\u00e3o de transfer\u00eancias e pagamento de contas e demais servi\u00e7os.<\/p>\n\n\n\n<p>Boletos banc\u00e1rios de clientes cadastrados como sacados eletr\u00f4nicos podem ser pagos via D\u00e9bito Direto Autorizado (DDA).<\/p>\n\n\n\n<p><strong><em>Fonte: Ag\u00eancia Brasil<\/em><\/strong><\/p>\n","protected":false},"excerpt":{"rendered":"<p>As ag\u00eancias banc\u00e1rias voltam a funcionar normalmente nesta quinta-feira (26) para atendimento presencial ao p\u00fablico, ap\u00f3s ficarem fechadas em raz\u00e3o<\/p>\n","protected":false},"author":1,"featured_media":8304,"comment_status":"open","ping_status":"open","sticky":false,"template":"","format":"standard","meta":{"footnotes":""},"categories":[2],"tags":[],"class_list":["post-8862","post","type-post","status-publish","format-standard","has-post-thumbnail","hentry","category-noticias"],"_links":{"self":[{"href":"https:\/\/jornaloalvorada.com.br\/site\/wp-json\/wp\/v2\/posts\/8862","targetHints":{"allow":["GET"]}}],"collection":[{"href":"https:\/\/jornaloalvorada.com.br\/site\/wp-json\/wp\/v2\/posts"}],"about":[{"href":"https:\/\/jornaloalvorada.com.br\/site\/wp-json\/wp\/v2\/types\/post"}],"author":[{"embeddable":true,"href":"https:\/\/jornaloalvorada.com.br\/site\/wp-json\/wp\/v2\/users\/1"}],"replies":[{"embeddable":true,"href":"https:\/\/jornaloalvorada.com.br\/site\/wp-json\/wp\/v2\/comments?post=8862"}],"version-history":[{"count":1,"href":"https:\/\/jornaloalvorada.com.br\/site\/wp-json\/wp\/v2\/posts\/8862\/revisions"}],"predecessor-version":[{"id":8863,"href":"https:\/\/jornaloalvorada.com.br\/site\/wp-json\/wp\/v2\/posts\/8862\/revisions\/8863"}],"wp:featuredmedia":[{"embeddable":true,"href":"https:\/\/jornaloalvorada.com.br\/site\/wp-json\/wp\/v2\/media\/8304"}],"wp:attachment":[{"href":"https:\/\/jornaloalvorada.com.br\/site\/wp-json\/wp\/v2\/media?parent=8862"}],"wp:term":[{"taxonomy":"category","embeddable":true,"href":"https:\/\/jornaloalvorada.com.br\/site\/wp-json\/wp\/v2\/categories?post=8862"},{"taxonomy":"post_tag","embeddable":true,"href":"https:\/\/jornaloalvorada.com.br\/site\/wp-json\/wp\/v2\/tags?post=8862"}],"curies":[{"name":"wp","href":"https:\/\/api.w.org\/{rel}","templated":true}]}}