{"id":8859,"date":"2024-12-26T10:25:57","date_gmt":"2024-12-26T14:25:57","guid":{"rendered":"https:\/\/jornaloalvorada.com.br\/site\/?p=8859"},"modified":"2024-12-26T10:25:59","modified_gmt":"2024-12-26T14:25:59","slug":"chuvas-fortes-devem-seguir-ate-o-final-de-semana-no-pais","status":"publish","type":"post","link":"https:\/\/jornaloalvorada.com.br\/site\/2024\/12\/26\/chuvas-fortes-devem-seguir-ate-o-final-de-semana-no-pais\/","title":{"rendered":"Chuvas fortes devem seguir at\u00e9 o final de semana no pa\u00eds"},"content":{"rendered":"\n<p>A previs\u00e3o do Instituto Nacional de Meteorologia (INMET) para hoje&nbsp;(26) e sexta-feira (27) \u00e9 de tempo nublado, com chuvas fortes, \u201cque podem causar impactos \u00e0 popula\u00e7\u00e3o\u201d em v\u00e1rias \u00e1reas do pa\u00eds, principalmente na regi\u00e3o Sudeste.<img decoding=\"async\" src=\"https:\/\/agenciabrasil.ebc.com.br\/ebc.png?id=1624962&amp;o=node\"><img decoding=\"async\" src=\"https:\/\/agenciabrasil.ebc.com.br\/ebc.gif?id=1624962&amp;o=node\"><\/p>\n\n\n\n<p>Conforme o instituto, a causa \u00e9 a prov\u00e1vel forma\u00e7\u00e3o de uma nova Zona de Converg\u00eancia do Atl\u00e2ntico Sul (ZCAS), respons\u00e1vel pelas precipita\u00e7\u00f5es nas regi\u00f5es Centro-Oeste e Sudeste. Mas as chuvas devem se concentrar no sudoeste da Amaz\u00f4nia, \u201ccruzando as regi\u00f5es Centro-Oeste e o Sudeste, at\u00e9 o Oceano Atl\u00e2ntico\u201d.<\/p>\n\n\n\n<p>A expectativa \u00e9 que as chuvas devem permanecer at\u00e9 segunda-feira (30), principalmente nas regi\u00f5es do estado de S\u00e3o Paulo, at\u00e9 a divisa com Minas Gerais, \u201conde o acumulado de precipita\u00e7\u00e3o pode superar os 100 mm em 24h\u201d.<\/p>\n\n\n\n<h2 class=\"wp-block-heading\">S\u00e3o Paulo<\/h2>\n\n\n\n<p>A Defesa Civil de S\u00e3o Paulo emitiu estado de alerta para a capital e outros munic\u00edpios da regi\u00e3o metropolitana, litoral e no interior no final da tarde desta quarta-feira (25). Mas, apesar da chuva forte, at\u00e9 o fechamento desta reportagem n\u00e3o havia registro de ocorr\u00eancias graves na capital e regi\u00e3o metropolitana, mas com v\u00e1rios pontos de alagamento.<\/p>\n\n\n\n<p>Nas demais mesorregi\u00f5es paulistas, o tempo tamb\u00e9m ser\u00e1 com pancadas de chuva e trovoadas ocasionais, com a chegada de novas \u00e1reas de baixa press\u00e3o vindas do sul do pa\u00eds, associadas a um distante ciclone extratropical ao largo da costa do Rio Grande do Sul.<\/p>\n\n\n\n<p>Em nota, a&nbsp;A Enel,&nbsp;a empresa respons\u00e1vel pela distribui\u00e7\u00e3o de energia el\u00e9trica&nbsp;no estado, informou que 38 mil im\u00f3veis ficaram sem energia na regi\u00e3o metropolitana, sendo a maioria na capital: 26.587.<\/p>\n\n\n\n<p><strong><em>Fonte: Ag\u00eancia Brasil<\/em><\/strong><\/p>\n","protected":false},"excerpt":{"rendered":"<p>A previs\u00e3o do Instituto Nacional de Meteorologia (INMET) para hoje&nbsp;(26) e sexta-feira (27) \u00e9 de tempo nublado, com chuvas fortes,<\/p>\n","protected":false},"author":1,"featured_media":8860,"comment_status":"open","ping_status":"open","sticky":false,"template":"","format":"standard","meta":{"footnotes":""},"categories":[2],"tags":[],"class_list":["post-8859","post","type-post","status-publish","format-standard","has-post-thumbnail","hentry","category-noticias"],"_links":{"self":[{"href":"https:\/\/jornaloalvorada.com.br\/site\/wp-json\/wp\/v2\/posts\/8859","targetHints":{"allow":["GET"]}}],"collection":[{"href":"https:\/\/jornaloalvorada.com.br\/site\/wp-json\/wp\/v2\/posts"}],"about":[{"href":"https:\/\/jornaloalvorada.com.br\/site\/wp-json\/wp\/v2\/types\/post"}],"author":[{"embeddable":true,"href":"https:\/\/jornaloalvorada.com.br\/site\/wp-json\/wp\/v2\/users\/1"}],"replies":[{"embeddable":true,"href":"https:\/\/jornaloalvorada.com.br\/site\/wp-json\/wp\/v2\/comments?post=8859"}],"version-history":[{"count":1,"href":"https:\/\/jornaloalvorada.com.br\/site\/wp-json\/wp\/v2\/posts\/8859\/revisions"}],"predecessor-version":[{"id":8861,"href":"https:\/\/jornaloalvorada.com.br\/site\/wp-json\/wp\/v2\/posts\/8859\/revisions\/8861"}],"wp:featuredmedia":[{"embeddable":true,"href":"https:\/\/jornaloalvorada.com.br\/site\/wp-json\/wp\/v2\/media\/8860"}],"wp:attachment":[{"href":"https:\/\/jornaloalvorada.com.br\/site\/wp-json\/wp\/v2\/media?parent=8859"}],"wp:term":[{"taxonomy":"category","embeddable":true,"href":"https:\/\/jornaloalvorada.com.br\/site\/wp-json\/wp\/v2\/categories?post=8859"},{"taxonomy":"post_tag","embeddable":true,"href":"https:\/\/jornaloalvorada.com.br\/site\/wp-json\/wp\/v2\/tags?post=8859"}],"curies":[{"name":"wp","href":"https:\/\/api.w.org\/{rel}","templated":true}]}}