{"id":8845,"date":"2024-12-25T10:40:51","date_gmt":"2024-12-25T14:40:51","guid":{"rendered":"https:\/\/jornaloalvorada.com.br\/site\/?p=8845"},"modified":"2024-12-25T10:40:53","modified_gmt":"2024-12-25T14:40:53","slug":"central-de-transplantes-completa-25-anos-e-realiza-primeiro-transplante-de-figado-no-estado","status":"publish","type":"post","link":"https:\/\/jornaloalvorada.com.br\/site\/2024\/12\/25\/central-de-transplantes-completa-25-anos-e-realiza-primeiro-transplante-de-figado-no-estado\/","title":{"rendered":"Central de Transplantes completa 25 anos e realiza primeiro transplante de f\u00edgado no Estado"},"content":{"rendered":"\n<p>Em um ano de diversas conquistas para a sa\u00fade p\u00fablica, a CET\/MS (Central Estadual de Transplantes de Mato Grosso do Sul) celebrou seus 25 anos de exist\u00eancia com a realiza\u00e7\u00e3o do primeiro transplante de f\u00edgado no estado. O procedimento, realizado em julho no HAP (Hospital Adventista do P\u00eanfigo), em Campo Grande, foi um divisor de \u00e1guas para os pacientes que, at\u00e9 ent\u00e3o, precisavam buscar o tratamento em outros estados.<\/p>\n\n\n\n<p>O transplante pioneiro foi realizado em um homem de 60 anos, natural de Ponta Por\u00e3, que enfrentava uma grave condi\u00e7\u00e3o hep\u00e1tica. Ap\u00f3s anos de acompanhamento m\u00e9dico e de espera, ele recebeu o \u00f3rg\u00e3o de um doador compat\u00edvel e iniciou sua recupera\u00e7\u00e3o no pr\u00f3prio estado. Segundo a coordenadora da CET\/MS, Claire Miozzo, o feito representa um avan\u00e7o significativo para os sul-mato-grossenses.<\/p>\n\n\n\n<p>\u201cAgora, com o HAP habilitado, nossos pacientes podem realizar o transplante de f\u00edgado sem a necessidade de se deslocar para outros centros, o que reduz custos e traz maior conforto aos pacientes e suas fam\u00edlias\u201d, explica Claire.<\/p>\n\n\n\n<p>A habilita\u00e7\u00e3o do HAP, formalizada em 2023, foi fruto de um trabalho de anos, com adequa\u00e7\u00e3o estrutural e cumprimento dos crit\u00e9rios do Minist\u00e9rio da Sa\u00fade. A expectativa \u00e9 que sejam realizados pelo menos 69 transplantes hep\u00e1ticos por ano no estado.<\/p>\n\n\n\n<p><strong>Trajet\u00f3ria da CET\/MS: 25 anos de esperan\u00e7a e conquistas<\/strong><\/p>\n\n\n<div class=\"wp-block-image\">\n<figure class=\"alignleft\" id=\"attachment_488289\"><img decoding=\"async\" src=\"https:\/\/agenciadenoticias.ms.gov.br\/wp-content\/uploads\/2024\/08\/WhatsApp-Image-2024-08-23-at-14.07.15-300x254.jpeg\" alt=\"\" class=\"wp-image-488289\"\/><figcaption class=\"wp-element-caption\">Coordenadora da CET\/MS, Claire Carmen Miozzo<\/figcaption><\/figure>\n<\/div>\n\n\n<p>Criada em 1999, a CET\/MS foi criada para atender \u00e0 crescente demanda por transplantes. Em seus 25 anos, a institui\u00e7\u00e3o j\u00e1 acompanhou a realiza\u00e7\u00e3o de 19 transplantes de cora\u00e7\u00e3o, 4.006 de c\u00f3rneas, 769 de rins, 65 de tecidos musculoesquel\u00e9ticos e 11 de medula \u00f3ssea autog\u00eanico, al\u00e9m de 12 transplantes de f\u00edgado realizados em 2024.<\/p>\n\n\n\n<p>Mais do que n\u00fameros, a Central tem se dedicado a conscientizar a sociedade sobre a import\u00e2ncia da doa\u00e7\u00e3o de \u00f3rg\u00e3os. Campanhas educativas e parcerias com hospitais t\u00eam ampliado a ades\u00e3o das fam\u00edlias, que, mesmo em momentos de dor, dizem \u201csim\u201d \u00e0 doa\u00e7\u00e3o e salvam vidas.<\/p>\n\n\n\n<p>Comemorando 25 anos de trajet\u00f3ria, a CET\/MS reafirma seu compromisso com a sa\u00fade e a esperan\u00e7a no estado. Cada transplante realizado \u00e9 um s\u00edmbolo de supera\u00e7\u00e3o e solidariedade. Apesar dos avan\u00e7os, o n\u00famero de doadores ainda \u00e9 insuficiente.<\/p>\n\n\n\n<p>A negativa familiar \u00e0 doa\u00e7\u00e3o \u00e9 um dos maiores desafios enfrentados pela Central. Claire Miozzo destaca a import\u00e2ncia de sensibilizar a popula\u00e7\u00e3o: \u201cDizer \u2018sim\u2019 \u00e0 doa\u00e7\u00e3o de \u00f3rg\u00e3os \u00e9 transformar a dor em esperan\u00e7a. Nosso objetivo \u00e9 salvar ainda mais vidas\u201d, esclarece.<\/p>\n\n\n\n<p>O futuro da CET\/MS \u00e9 promissor, e a meta \u00e9 ampliar o n\u00famero de transplantes realizados, salvando ainda mais vidas. Para isso, a conscientiza\u00e7\u00e3o da sociedade sobre a import\u00e2ncia da doa\u00e7\u00e3o de \u00f3rg\u00e3os segue como a principal ferramenta para transformar o cen\u00e1rio e continuar escrevendo hist\u00f3rias de renascimento.<\/p>\n\n\n\n<p><em><strong>Kamilla Ratier, Comunica\u00e7\u00e3o SES<br>Foto: Divulga\u00e7\u00e3o HAP (capa) \/ Divulga\u00e7\u00e3o SES<\/strong><\/em><\/p>\n\n\n\n<p><\/p>\n","protected":false},"excerpt":{"rendered":"<p>Em um ano de diversas conquistas para a sa\u00fade p\u00fablica, a CET\/MS (Central Estadual de Transplantes de Mato Grosso do<\/p>\n","protected":false},"author":1,"featured_media":8846,"comment_status":"open","ping_status":"open","sticky":false,"template":"","format":"standard","meta":{"footnotes":""},"categories":[2],"tags":[],"class_list":["post-8845","post","type-post","status-publish","format-standard","has-post-thumbnail","hentry","category-noticias"],"_links":{"self":[{"href":"https:\/\/jornaloalvorada.com.br\/site\/wp-json\/wp\/v2\/posts\/8845","targetHints":{"allow":["GET"]}}],"collection":[{"href":"https:\/\/jornaloalvorada.com.br\/site\/wp-json\/wp\/v2\/posts"}],"about":[{"href":"https:\/\/jornaloalvorada.com.br\/site\/wp-json\/wp\/v2\/types\/post"}],"author":[{"embeddable":true,"href":"https:\/\/jornaloalvorada.com.br\/site\/wp-json\/wp\/v2\/users\/1"}],"replies":[{"embeddable":true,"href":"https:\/\/jornaloalvorada.com.br\/site\/wp-json\/wp\/v2\/comments?post=8845"}],"version-history":[{"count":1,"href":"https:\/\/jornaloalvorada.com.br\/site\/wp-json\/wp\/v2\/posts\/8845\/revisions"}],"predecessor-version":[{"id":8847,"href":"https:\/\/jornaloalvorada.com.br\/site\/wp-json\/wp\/v2\/posts\/8845\/revisions\/8847"}],"wp:featuredmedia":[{"embeddable":true,"href":"https:\/\/jornaloalvorada.com.br\/site\/wp-json\/wp\/v2\/media\/8846"}],"wp:attachment":[{"href":"https:\/\/jornaloalvorada.com.br\/site\/wp-json\/wp\/v2\/media?parent=8845"}],"wp:term":[{"taxonomy":"category","embeddable":true,"href":"https:\/\/jornaloalvorada.com.br\/site\/wp-json\/wp\/v2\/categories?post=8845"},{"taxonomy":"post_tag","embeddable":true,"href":"https:\/\/jornaloalvorada.com.br\/site\/wp-json\/wp\/v2\/tags?post=8845"}],"curies":[{"name":"wp","href":"https:\/\/api.w.org\/{rel}","templated":true}]}}