{"id":884,"date":"2023-03-28T11:23:48","date_gmt":"2023-03-28T15:23:48","guid":{"rendered":"https:\/\/jornaloalvorada.com.br\/site\/?p=884"},"modified":"2023-03-28T11:23:50","modified_gmt":"2023-03-28T15:23:50","slug":"mato-grosso-do-sul-tem-previsao-de-temperaturas-elevadas-para-esta-terca-feira","status":"publish","type":"post","link":"https:\/\/jornaloalvorada.com.br\/site\/2023\/03\/28\/mato-grosso-do-sul-tem-previsao-de-temperaturas-elevadas-para-esta-terca-feira\/","title":{"rendered":"Mato Grosso do Sul tem previs\u00e3o de temperaturas elevadas para esta ter\u00e7a-feira"},"content":{"rendered":"\n<p>A previs\u00e3o do tempo para esta ter\u00e7a-feira (28) indica tempo com sol e temperaturas elevadas, acima dos 30\u00b0C. Devido a combina\u00e7\u00e3o de calor e disponibilidade de umidade, existe a probabilidade de pancadas de chuvas isoladas, de intensidade fraca a moderada. Pontualmente podem ocorrer chuvas intensas e tempestades acompanhadas de raios e rajadas de vento.<\/p>\n\n\n\n<p>A circula\u00e7\u00e3o anticicl\u00f4nica s\u00e3o os centros de alta press\u00e3o atmosf\u00e9rica onde os ventos possuem movimentos circulares ligeiramente desviados para fora do centro. Devido a isso, em m\u00e9dios n\u00edveis da atmosfera favorece o tempo quente e seco no estado, al\u00e9m dos modelos de previs\u00e3o n\u00e3o apontarem altos acumulados de chuva.<\/p>\n\n\n\n<p>O Cemtec (Centro de Monitoramento do Tempo e do Clima) prev\u00ea para o Estado, temperaturas m\u00ednimas entre 21\u00b0C e 25\u00b0C e m\u00e1ximas de 36\u00b0C. Nas regi\u00f5es sul e leste, \u00e9 esperada temperatura m\u00ednima de 21\u00b0C e m\u00e1ximas de 32\u00b0C.<\/p>\n\n\n\n<p>J\u00e1 na regi\u00e3o norte, as m\u00ednimas ser\u00e3o de 22\u00b0C e m\u00e1ximas de 36\u00b0C. Na capital, espera-se m\u00ednima de 22\u00b0C e m\u00e1ximas de at\u00e9 32\u00b0C. No Pantanal, m\u00ednima de 23\u00b0C e m\u00e1ximas atingem os 35\u00b0C.<\/p>\n\n\n\n<p><strong><em>Jo\u00e3o Pedro Flores, Programa de Est\u00e1gio Supervisionado<\/em><br><em>Foto: Bruno Rezende<\/em><\/strong><\/p>\n","protected":false},"excerpt":{"rendered":"<p>A previs\u00e3o do tempo para esta ter\u00e7a-feira (28) indica tempo com sol e temperaturas elevadas, acima dos 30\u00b0C. Devido a<\/p>\n","protected":false},"author":1,"featured_media":136,"comment_status":"open","ping_status":"open","sticky":false,"template":"","format":"standard","meta":{"footnotes":""},"categories":[2],"tags":[],"class_list":["post-884","post","type-post","status-publish","format-standard","has-post-thumbnail","hentry","category-noticias"],"_links":{"self":[{"href":"https:\/\/jornaloalvorada.com.br\/site\/wp-json\/wp\/v2\/posts\/884","targetHints":{"allow":["GET"]}}],"collection":[{"href":"https:\/\/jornaloalvorada.com.br\/site\/wp-json\/wp\/v2\/posts"}],"about":[{"href":"https:\/\/jornaloalvorada.com.br\/site\/wp-json\/wp\/v2\/types\/post"}],"author":[{"embeddable":true,"href":"https:\/\/jornaloalvorada.com.br\/site\/wp-json\/wp\/v2\/users\/1"}],"replies":[{"embeddable":true,"href":"https:\/\/jornaloalvorada.com.br\/site\/wp-json\/wp\/v2\/comments?post=884"}],"version-history":[{"count":1,"href":"https:\/\/jornaloalvorada.com.br\/site\/wp-json\/wp\/v2\/posts\/884\/revisions"}],"predecessor-version":[{"id":885,"href":"https:\/\/jornaloalvorada.com.br\/site\/wp-json\/wp\/v2\/posts\/884\/revisions\/885"}],"wp:featuredmedia":[{"embeddable":true,"href":"https:\/\/jornaloalvorada.com.br\/site\/wp-json\/wp\/v2\/media\/136"}],"wp:attachment":[{"href":"https:\/\/jornaloalvorada.com.br\/site\/wp-json\/wp\/v2\/media?parent=884"}],"wp:term":[{"taxonomy":"category","embeddable":true,"href":"https:\/\/jornaloalvorada.com.br\/site\/wp-json\/wp\/v2\/categories?post=884"},{"taxonomy":"post_tag","embeddable":true,"href":"https:\/\/jornaloalvorada.com.br\/site\/wp-json\/wp\/v2\/tags?post=884"}],"curies":[{"name":"wp","href":"https:\/\/api.w.org\/{rel}","templated":true}]}}