{"id":8826,"date":"2024-12-24T10:15:48","date_gmt":"2024-12-24T14:15:48","guid":{"rendered":"https:\/\/jornaloalvorada.com.br\/site\/?p=8826"},"modified":"2024-12-24T10:15:50","modified_gmt":"2024-12-24T14:15:50","slug":"daniel-silveira-volta-a-ser-preso-pela-pf-por-determinacao-de-moraes","status":"publish","type":"post","link":"https:\/\/jornaloalvorada.com.br\/site\/2024\/12\/24\/daniel-silveira-volta-a-ser-preso-pela-pf-por-determinacao-de-moraes\/","title":{"rendered":"Daniel Silveira volta a ser preso pela PF por determina\u00e7\u00e3o de Moraes"},"content":{"rendered":"\n<p>A Pol\u00edcia Federal (PF) prendeu nesta ter\u00e7a-feira (24) o ex-deputado federal Daniel Silveira. A pris\u00e3o foi determinada pelo ministro do Supremo Tribunal Federal (STF) Alexandre de Moraes.<img decoding=\"async\" src=\"https:\/\/agenciabrasil.ebc.com.br\/ebc.png?id=1624885&amp;o=node\"><img decoding=\"async\" src=\"https:\/\/agenciabrasil.ebc.com.br\/ebc.gif?id=1624885&amp;o=node\"><\/p>\n\n\n\n<p>A pris\u00e3o ocorreu ap\u00f3s o ministro afirmar que Silveira descumpriu as medidas que foram estabelecidas no livramento condicional, benef\u00edcio que foi autorizado por Moraes na semana passada.<\/p>\n\n\n\n<p>Em 2022, Silveira foi condenado pelo STF a oito anos e nove meses de pris\u00e3o por amea\u00e7a ao Estado Democr\u00e1tico de Direito e coa\u00e7\u00e3o ao andamento do processo. Desde outubro deste ano cumpria pena em regime semiaberto.<\/p>\n\n\n\n<p>Conforme a decis\u00e3o, o ex-deputado descumpriu a regra que estabelecia o hor\u00e1rio das 22h para recolhimento noturno.<\/p>\n\n\n\n<p>&#8220;Logo em seu primeiro dia em livramento condicional, o sentenciado desrespeitou as condi\u00e7\u00f5es impostas, pois, conforme informa\u00e7\u00e3o prestada pela Seape\/RJ, no dia 22 de dezembro, somente retornou \u00e0 sua resid\u00eancia \u00e0s 2h10 horas da madrugada, ou seja, mais de quatro horas do hor\u00e1rio limite fixado nas condi\u00e7\u00f5es judiciais&#8221;, relatou o ministro.<\/p>\n\n\n\n<p>Moraes tamb\u00e9m apontou que Daniel Silveira deu entrada em um hospital, sem autoriza\u00e7\u00e3o judicial.<\/p>\n\n\n\n<p>&#8220;Estranhamente, na data de hoje [23\/12], a defesa juntou peti\u00e7\u00e3o informando que o sentenciado \u2013 sem qualquer autoriza\u00e7\u00e3o judicial &#8211; teria estado em um hospital, no dia 21\/12, das 22h59 \u00e0s 0:34 do dia 22\/12&#8221;, completou.<\/p>\n\n\n\n<p>No entendimento de Alexandre de Moraes, o comportamento de Silveira demonstra &#8220;total desrespeito&#8221; \u00e0s condi\u00e7\u00f5es impostas no livramento condicional, que tamb\u00e9m foi revogado pelo ministro.<\/p>\n\n\n\n<p>Com a decis\u00e3o, o ex-parlamentar dever\u00e1 cumprir integralmente a pena estabelecida pelo Supremo, e a PF investigar\u00e1 se ele realmente recebeu atendimento m\u00e9dico no hospital.<\/p>\n\n\n\n<p>&#8220;Revogo o livramento condicional de Daniel L\u00facio da&nbsp; e determino o imediato retorno do cumprimento do restante da pena privativa de liberdade em regime fechado, em Bangu 8 [pres\u00eddio do Rio de Janeiro]&#8221;, decidiu Moraes.<\/p>\n\n\n\n<h2 class=\"wp-block-heading\">Defesa&nbsp;<\/h2>\n\n\n\n<p>O advogado Andr\u00e9 Rios, que representa o ex-deputado federal Daniel Silveira, classificou como &#8220;arbitrariedade&#8221; a pris\u00e3o do cliente dele&nbsp; nesta ter\u00e7a-feira (24).<\/p>\n\n\n\n<p>A defesa alega que Silveira precisou se deslocar ao Hospital Santa Tereza, em Petr\u00f3polis (RJ), com uma emerg\u00eancia m\u00e9dica \u00e0s 22h59 do s\u00e1bado (21) e s\u00f3 foi liberado \u00e0 0h34 do dia seguinte (22). Foram juntados exames e um atestado para comprovar que ele recebeu atendimento m\u00e9dico.<\/p>\n\n\n\n<p>&#8220;Juntam-se os seguintes documentos: encaminhamento m\u00e9dico para nefrologista e atestado de comparecimento para justificar o deslocamento ap\u00f3s 22h, demonstrando a total transpar\u00eancia e colabora\u00e7\u00e3o com o ju\u00edzo&#8221;, informou a defesa.<\/p>\n\n\n\n<p>Segundo Moraes, n\u00e3o houve autoriza\u00e7\u00e3o judicial para o deslocamento de Silveira ao hospital e ele ainda levou mais de uma hora e meia para chegar em casa ap\u00f3s o atendimento m\u00e9dico informado pela defesa.<\/p>\n\n\n\n<p>&#8220;N\u00e3o existiu viola\u00e7\u00e3o e o deslocamento do hospital para sua resid\u00eancia foi normal. Uma pessoa com crise renal n\u00e3o pode esperar libera\u00e7\u00e3o do judici\u00e1rio para buscar atendimento m\u00e9dico. Daniel Silveira tem hist\u00f3rico de c\u00e1lculo renal e vira e mexe tem crises. Negar atendimento m\u00e9dico ao Daniel, entra para extensa lista de direitos violados. Daniel \u00e9 um preso pol\u00edtico e seu caso deve ser levado aos mecanismos internacionais de Direitos Humanos&#8221;, informou o advogado Andr\u00e9 Rios, por meio de nota.<\/p>\n\n\n\n<p>Os advogados tamb\u00e9m solicitaram autoriza\u00e7\u00e3o para que o ex-parlamentar possa comparecer \u00e0s comemora\u00e7\u00f5es de Natal e Ano Novo com sua fam\u00edlia.<\/p>\n\n\n\n<p>&#8220;Requer sejam deferidas exce\u00e7\u00f5es para os dias 24\/12 e 31\/12, com o objetivo de confraterniza\u00e7\u00e3o em fam\u00edlia, ap\u00f3s mais de dois anos afastado e privado de tal conv\u00edvio, e em raz\u00e3o de residir em \u00e1rea distante e rural, requer, excepcionalmente, que os hor\u00e1rios sejam estendidos, t\u00e3o somente para as festas de fim de ano, especialmente, ao conv\u00edvio com suas duas filhas, m\u00e3e, esposa e irm\u00e3, que o hor\u00e1rio de retorno ao lar seja 02:00h, ap\u00f3s a ceia de natal, e ap\u00f3s o Ano Novo&#8221;, informaram os advogados.<\/p>\n\n\n\n<p><strong><em>Fonte: Ag\u00eancia Brasil<\/em><\/strong><\/p>\n","protected":false},"excerpt":{"rendered":"<p>A Pol\u00edcia Federal (PF) prendeu nesta ter\u00e7a-feira (24) o ex-deputado federal Daniel Silveira. A pris\u00e3o foi determinada pelo ministro do<\/p>\n","protected":false},"author":1,"featured_media":8827,"comment_status":"open","ping_status":"open","sticky":false,"template":"","format":"standard","meta":{"footnotes":""},"categories":[2],"tags":[],"class_list":["post-8826","post","type-post","status-publish","format-standard","has-post-thumbnail","hentry","category-noticias"],"_links":{"self":[{"href":"https:\/\/jornaloalvorada.com.br\/site\/wp-json\/wp\/v2\/posts\/8826","targetHints":{"allow":["GET"]}}],"collection":[{"href":"https:\/\/jornaloalvorada.com.br\/site\/wp-json\/wp\/v2\/posts"}],"about":[{"href":"https:\/\/jornaloalvorada.com.br\/site\/wp-json\/wp\/v2\/types\/post"}],"author":[{"embeddable":true,"href":"https:\/\/jornaloalvorada.com.br\/site\/wp-json\/wp\/v2\/users\/1"}],"replies":[{"embeddable":true,"href":"https:\/\/jornaloalvorada.com.br\/site\/wp-json\/wp\/v2\/comments?post=8826"}],"version-history":[{"count":1,"href":"https:\/\/jornaloalvorada.com.br\/site\/wp-json\/wp\/v2\/posts\/8826\/revisions"}],"predecessor-version":[{"id":8828,"href":"https:\/\/jornaloalvorada.com.br\/site\/wp-json\/wp\/v2\/posts\/8826\/revisions\/8828"}],"wp:featuredmedia":[{"embeddable":true,"href":"https:\/\/jornaloalvorada.com.br\/site\/wp-json\/wp\/v2\/media\/8827"}],"wp:attachment":[{"href":"https:\/\/jornaloalvorada.com.br\/site\/wp-json\/wp\/v2\/media?parent=8826"}],"wp:term":[{"taxonomy":"category","embeddable":true,"href":"https:\/\/jornaloalvorada.com.br\/site\/wp-json\/wp\/v2\/categories?post=8826"},{"taxonomy":"post_tag","embeddable":true,"href":"https:\/\/jornaloalvorada.com.br\/site\/wp-json\/wp\/v2\/tags?post=8826"}],"curies":[{"name":"wp","href":"https:\/\/api.w.org\/{rel}","templated":true}]}}