{"id":8824,"date":"2024-12-24T10:10:35","date_gmt":"2024-12-24T14:10:35","guid":{"rendered":"https:\/\/jornaloalvorada.com.br\/site\/?p=8824"},"modified":"2024-12-24T10:10:37","modified_gmt":"2024-12-24T14:10:37","slug":"inss-divulga-calendario-de-pagamentos-para-2025","status":"publish","type":"post","link":"https:\/\/jornaloalvorada.com.br\/site\/2024\/12\/24\/inss-divulga-calendario-de-pagamentos-para-2025\/","title":{"rendered":"INSS divulga calend\u00e1rio de pagamentos para 2025"},"content":{"rendered":"\n<p>Os cerca de 40 milh\u00f5es de benefici\u00e1rios do Instituto Nacional do Seguro Social (INSS) j\u00e1 podem conferir a data de pagamento das aposentadorias, dos aux\u00edlios e das pens\u00f5es em 2025. A autarquia divulgou, no \u00faltimo dia 18, o calend\u00e1rio de dep\u00f3sitos para todo o pr\u00f3ximo ano.<img decoding=\"async\" src=\"https:\/\/agenciabrasil.ebc.com.br\/ebc.png?id=1624870&amp;o=node\"><img decoding=\"async\" src=\"https:\/\/agenciabrasil.ebc.com.br\/ebc.gif?id=1624870&amp;o=node\"><\/p>\n\n\n\n<p>Os dep\u00f3sitos seguir\u00e3o a sequ\u00eancia de anos anteriores, com um calend\u00e1rio para quem recebe um sal\u00e1rio m\u00ednimo e outro para quem ganha mais de um sal\u00e1rio. Para cada categoria, as datas de pagamento ser\u00e3o determinadas pelo n\u00famero final do cart\u00e3o, sem considerar o d\u00edgito verificador (que vem depois do tra\u00e7o).<\/p>\n\n\n\n<p>A aposentadoria, a pens\u00e3o ou o aux\u00edlio de janeiro ser\u00e3o depositados de 27 de janeiro a 7 de fevereiro para quem ganha um sal\u00e1rio m\u00ednimo. Segurados com renda superior a esse valor receber\u00e3o de 3 a 7 de fevereiro.<\/p>\n\n\n\n<h2 class=\"wp-block-heading\">Consulta aos valores<\/h2>\n\n\n\n<p>Os segurados do INSS podem consultar o valor a receber do benef\u00edcio por meio do aplicativo Meu INSS ou pelo site <a href=\"http:\/\/meu.inss.gov.br\/\">meu.inss.gov.br<\/a>.<\/p>\n\n\n\n<p>Tamb\u00e9m \u00e9 poss\u00edvel verificar por telefone, ligando na central 135. O usu\u00e1rio deve ligar de segunda-feira a s\u00e1bado das 7h \u00e0s 22h, informando o n\u00famero do Cadastro de Pessoas F\u00edsicas (CPF) e confirmando os dados cadastrais.<\/p>\n\n\n\n<p>Com o reajuste do sal\u00e1rio m\u00ednimo previsto para 1\u00ba de janeiro, o valor reajustado s\u00f3 ser\u00e1 pago entre o fim de janeiro e o in\u00edcio de fevereiro.<\/p>\n\n\n\n<h2 class=\"wp-block-heading\">Confira o calend\u00e1rio de pagamento dos benef\u00edcios do INSS em 2025<\/h2>\n\n\n\n<figure class=\"wp-block-image\"><img decoding=\"async\" src=\"https:\/\/imagens.ebc.com.br\/71NhPJnpPrE1H-7Tm29NnMuzne4=\/754x0\/smart\/https:\/\/agenciabrasil.ebc.com.br\/sites\/default\/files\/thumbnails\/image\/2024\/12\/24\/calendario_inss2025.png?itok=Y3t5TtiN\" alt=\"Calend\u00e1rio de pagamentos INSS 2025\" title=\"Minist\u00e9rio da Previd\u00eancia\"\/><\/figure>\n\n\n\n<h6 class=\"wp-block-heading\"><em>Calend\u00e1rio de pagamentos INSS 2025 &#8211; <strong>Minist\u00e9rio da Previd\u00eancia<\/strong><\/em><\/h6>\n","protected":false},"excerpt":{"rendered":"<p>Os cerca de 40 milh\u00f5es de benefici\u00e1rios do Instituto Nacional do Seguro Social (INSS) j\u00e1 podem conferir a data de<\/p>\n","protected":false},"author":1,"featured_media":5155,"comment_status":"open","ping_status":"open","sticky":false,"template":"","format":"standard","meta":{"footnotes":""},"categories":[2],"tags":[],"class_list":["post-8824","post","type-post","status-publish","format-standard","has-post-thumbnail","hentry","category-noticias"],"_links":{"self":[{"href":"https:\/\/jornaloalvorada.com.br\/site\/wp-json\/wp\/v2\/posts\/8824","targetHints":{"allow":["GET"]}}],"collection":[{"href":"https:\/\/jornaloalvorada.com.br\/site\/wp-json\/wp\/v2\/posts"}],"about":[{"href":"https:\/\/jornaloalvorada.com.br\/site\/wp-json\/wp\/v2\/types\/post"}],"author":[{"embeddable":true,"href":"https:\/\/jornaloalvorada.com.br\/site\/wp-json\/wp\/v2\/users\/1"}],"replies":[{"embeddable":true,"href":"https:\/\/jornaloalvorada.com.br\/site\/wp-json\/wp\/v2\/comments?post=8824"}],"version-history":[{"count":1,"href":"https:\/\/jornaloalvorada.com.br\/site\/wp-json\/wp\/v2\/posts\/8824\/revisions"}],"predecessor-version":[{"id":8825,"href":"https:\/\/jornaloalvorada.com.br\/site\/wp-json\/wp\/v2\/posts\/8824\/revisions\/8825"}],"wp:featuredmedia":[{"embeddable":true,"href":"https:\/\/jornaloalvorada.com.br\/site\/wp-json\/wp\/v2\/media\/5155"}],"wp:attachment":[{"href":"https:\/\/jornaloalvorada.com.br\/site\/wp-json\/wp\/v2\/media?parent=8824"}],"wp:term":[{"taxonomy":"category","embeddable":true,"href":"https:\/\/jornaloalvorada.com.br\/site\/wp-json\/wp\/v2\/categories?post=8824"},{"taxonomy":"post_tag","embeddable":true,"href":"https:\/\/jornaloalvorada.com.br\/site\/wp-json\/wp\/v2\/tags?post=8824"}],"curies":[{"name":"wp","href":"https:\/\/api.w.org\/{rel}","templated":true}]}}