{"id":8802,"date":"2024-12-23T09:24:47","date_gmt":"2024-12-23T13:24:47","guid":{"rendered":"https:\/\/jornaloalvorada.com.br\/site\/?p=8802"},"modified":"2024-12-23T09:24:49","modified_gmt":"2024-12-23T13:24:49","slug":"idosos-tem-direito-a-viajar-de-graca-com-a-carteira-do-idoso","status":"publish","type":"post","link":"https:\/\/jornaloalvorada.com.br\/site\/2024\/12\/23\/idosos-tem-direito-a-viajar-de-graca-com-a-carteira-do-idoso\/","title":{"rendered":"Idosos t\u00eam direito a viajar de gra\u00e7a com a Carteira do Idoso!"},"content":{"rendered":"\n<p>A <a href=\"https:\/\/carteiraidoso.cidadania.gov.br\/\" target=\"_blank\" rel=\"noreferrer noopener\">Carteira do Idoso<\/a> \u00e9 um documento brasileiro essencial para o acesso expandido a servi\u00e7os de transporte interestadual para cidad\u00e3os com 60 anos ou mais. Este documento procura assegurar que idosos possam viajar a custo reduzido ou sem custo, dependendo da disponibilidade de assentos. A iniciativa visa n\u00e3o apenas garantir o direito de ir e vir, mas tamb\u00e9m promover a inclus\u00e3o social e o respeito aos direitos dos mais velhos.<\/p>\n\n\n\n<p>Desenvolvida pela Secretaria Nacional de Assist\u00eancia Social, a Carteira do Idoso atende pessoas cuja renda mensal \u00e9 de at\u00e9 dois sal\u00e1rios m\u00ednimos. Esse esfor\u00e7o integra um conjunto de pol\u00edticas sociais destinado a melhorar a qualidade de vida dos idosos.<\/p>\n\n\n\n<h2 class=\"wp-block-heading\">Como funciona o benef\u00edcio da Carteira do Idoso?<\/h2>\n\n\n\n<figure class=\"wp-block-image\"><img decoding=\"async\" src=\"https:\/\/terrabrasilnoticias.com\/wp-content\/uploads\/2024\/11\/idosos-viajando_1732591945276-1024x576.jpg\" alt=\"Carteira do Idoso: descontos e prioridades para quem tem mais de 60\"\/><\/figure>\n\n\n\n<p>Os idosos que possuem a carteira t\u00eam o direito de embarcar em \u00f4nibus interestaduais utilizando dois assentos gratuitos reservados para essa finalidade. Caso essas poltronas j\u00e1 estejam ocupadas, as empresas de transporte s\u00e3o obrigadas a oferecer descontos significativos nas passagens. \u00c9 essencial que o documento seja apresentado no balc\u00e3o de venda de passagens para que os benef\u00edcios sejam aplicados.<\/p>\n\n\n\n<p>O sistema de identifica\u00e7\u00e3o do documento \u00e9 simplificado, utilizando um QR Code para r\u00e1pida verifica\u00e7\u00e3o. Essa medida busca agilizar o processo de reserva dos assentos e garantir que o direito dos idosos seja respeitado de forma eficiente.<\/p>\n\n\n\n<h2 class=\"wp-block-heading\">Quais s\u00e3o os passos para obter a Carteira do Idoso?<\/h2>\n\n\n\n<p>Para obter a Carteira, o interessado precisa, antes de tudo, ser cadastrado no Cadastro \u00danico para Programas Sociais (<a href=\"https:\/\/www.gov.br\/pt-br\/servicos\/consultar-dados-do-cadastro-unico-cadunico\" target=\"_blank\" rel=\"noreferrer noopener\">Cad\u00danico<\/a>), al\u00e9m de ter idade igual ou superior a 60 anos e renda que n\u00e3o ultrapasse dois sal\u00e1rios m\u00ednimos mensais. A inscri\u00e7\u00e3o no Cad\u00danico \u00e9 realizada atrav\u00e9s dos Centros de Refer\u00eancia de Assist\u00eancia Social (CRAS), onde o idoso pode solicitar o N\u00famero de Identifica\u00e7\u00e3o Social (<strong>NIS<\/strong>).<\/p>\n\n\n\n<p>O Cad\u00danico, al\u00e9m de essencial para a emiss\u00e3o da Carteira do Idoso, tamb\u00e9m \u00e9 uma ferramenta importante para acesso a outros programas sociais do governo, garantindo que as pol\u00edticas p\u00fablicas alcancem aqueles que realmente precisam.<\/p>\n\n\n\n<h2 class=\"wp-block-heading\">\u00c9 poss\u00edvel solicitar a Carteira do Idoso pela internet?<\/h2>\n\n\n\n<p>Sim, existe a possibilidade de solicitar a <a href=\"https:\/\/terrabrasilnoticias.com\/2024\/12\/o-que-e-a-carteira-do-idoso-e-como-ela-funciona\/\" target=\"_blank\" rel=\"noreferrer noopener\">Carteira do Idoso<\/a> online, o que simplifica o processo para muitos. \u00c9 necess\u00e1rio acessar a plataforma Gov.br, criar uma conta, caso ainda n\u00e3o possua, e autorizar o uso dos dados pessoais para proceder com a emiss\u00e3o.<\/p>\n\n\n\n<p>O sistema integrado permite que o usu\u00e1rio n\u00e3o s\u00f3 solicite novas carteiras, mas tamb\u00e9m consulte e imprima vers\u00f5es digitais do documento, facilitando o acesso e o uso em situa\u00e7\u00f5es diversas. Essa digitaliza\u00e7\u00e3o tem como objetivo principal tornar os servi\u00e7os p\u00fablicos mais acess\u00edveis e eficazes para a popula\u00e7\u00e3o idosa.<\/p>\n\n\n\n<h2 class=\"wp-block-heading\">Validade e utiliza\u00e7\u00e3o da Carteira do Idoso<\/h2>\n\n\n\n<p>A Carteira do Idoso tem uma validade de dois anos a partir da sua emiss\u00e3o. \u00c9 necess\u00e1rio que os portadores fa\u00e7am a renova\u00e7\u00e3o antes do vencimento para continuarem desfrutando dos benef\u00edcios. O documento \u00e9 amplamente aceito em opera\u00e7\u00f5es de transporte rodovi\u00e1rio interestadual em todo o Brasil.<\/p>\n\n\n\n<p>Al\u00e9m de seu uso em \u00f4nibus, algumas companhias a\u00e9reas podem oferecer descontos com base em suas pr\u00f3prias pol\u00edticas para passageiros idosos. Assim, manter uma c\u00f3pia, seja impressa ou digital, pode se mostrar vantajoso para garantir todos os benef\u00edcios ao viajar.<\/p>\n\n\n\n<p><strong><em>Fonte: Terra Brasil Not\u00edcias<\/em><\/strong><\/p>\n","protected":false},"excerpt":{"rendered":"<p>A Carteira do Idoso \u00e9 um documento brasileiro essencial para o acesso expandido a servi\u00e7os de transporte interestadual para cidad\u00e3os<\/p>\n","protected":false},"author":1,"featured_media":8803,"comment_status":"open","ping_status":"open","sticky":false,"template":"","format":"standard","meta":{"footnotes":""},"categories":[2],"tags":[],"class_list":["post-8802","post","type-post","status-publish","format-standard","has-post-thumbnail","hentry","category-noticias"],"_links":{"self":[{"href":"https:\/\/jornaloalvorada.com.br\/site\/wp-json\/wp\/v2\/posts\/8802","targetHints":{"allow":["GET"]}}],"collection":[{"href":"https:\/\/jornaloalvorada.com.br\/site\/wp-json\/wp\/v2\/posts"}],"about":[{"href":"https:\/\/jornaloalvorada.com.br\/site\/wp-json\/wp\/v2\/types\/post"}],"author":[{"embeddable":true,"href":"https:\/\/jornaloalvorada.com.br\/site\/wp-json\/wp\/v2\/users\/1"}],"replies":[{"embeddable":true,"href":"https:\/\/jornaloalvorada.com.br\/site\/wp-json\/wp\/v2\/comments?post=8802"}],"version-history":[{"count":1,"href":"https:\/\/jornaloalvorada.com.br\/site\/wp-json\/wp\/v2\/posts\/8802\/revisions"}],"predecessor-version":[{"id":8804,"href":"https:\/\/jornaloalvorada.com.br\/site\/wp-json\/wp\/v2\/posts\/8802\/revisions\/8804"}],"wp:featuredmedia":[{"embeddable":true,"href":"https:\/\/jornaloalvorada.com.br\/site\/wp-json\/wp\/v2\/media\/8803"}],"wp:attachment":[{"href":"https:\/\/jornaloalvorada.com.br\/site\/wp-json\/wp\/v2\/media?parent=8802"}],"wp:term":[{"taxonomy":"category","embeddable":true,"href":"https:\/\/jornaloalvorada.com.br\/site\/wp-json\/wp\/v2\/categories?post=8802"},{"taxonomy":"post_tag","embeddable":true,"href":"https:\/\/jornaloalvorada.com.br\/site\/wp-json\/wp\/v2\/tags?post=8802"}],"curies":[{"name":"wp","href":"https:\/\/api.w.org\/{rel}","templated":true}]}}