{"id":8799,"date":"2024-12-23T09:08:57","date_gmt":"2024-12-23T13:08:57","guid":{"rendered":"https:\/\/jornaloalvorada.com.br\/site\/?p=8799"},"modified":"2024-12-23T09:08:59","modified_gmt":"2024-12-23T13:08:59","slug":"confira-como-foi-a-1a-edicao-da-corrida-de-rua-em-revezamento-em-nova-alvorada-do-sul","status":"publish","type":"post","link":"https:\/\/jornaloalvorada.com.br\/site\/2024\/12\/23\/confira-como-foi-a-1a-edicao-da-corrida-de-rua-em-revezamento-em-nova-alvorada-do-sul\/","title":{"rendered":"Confira como foi a 1\u00aa Edi\u00e7\u00e3o da Corrida de Rua em Revezamento em Nova Alvorada do Sul"},"content":{"rendered":"\n<p>O evento beneficente reuniu atletas e moradores para um momento de esporte e solidariedade.<\/p>\n\n\n\n<p>A largada aconteceu em frente ao Parque Nelson Terer\u00e9, e o percurso total contou com 5 km, sendo realizado em formato de revezamento, com cada atleta percorrendo 2,5 km.<\/p>\n\n\n\n<p>O evento foi realizado pelo grupo Vai que \u00e9 Rua, com o apoio da Prefeitura Municipal, e teve um prop\u00f3sito solid\u00e1rio, a a\u00e7\u00e3o teve como objetivo arrecadar panetones, que ser\u00e3o destinados a fam\u00edlias em situa\u00e7\u00e3o de vulnerabilidade social no munic\u00edpio.<\/p>\n\n\n\n<iframe loading=\"lazy\" src=\"https:\/\/www.facebook.com\/plugins\/video.php?height=476&#038;href=https%3A%2F%2Fwww.facebook.com%2Fjppaleari%2Fvideos%2F1740924936744467%2F&#038;show_text=false&#038;width=267&#038;t=0\" width=\"267\" height=\"476\" style=\"border:none;overflow:hidden\" scrolling=\"no\" frameborder=\"0\" allowfullscreen=\"true\" allow=\"autoplay; clipboard-write; encrypted-media; picture-in-picture; web-share\" allowFullScreen=\"true\"><\/iframe>\n","protected":false},"excerpt":{"rendered":"<p>O evento beneficente reuniu atletas e moradores para um momento de esporte e solidariedade. A largada aconteceu em frente ao<\/p>\n","protected":false},"author":1,"featured_media":8800,"comment_status":"open","ping_status":"open","sticky":false,"template":"","format":"standard","meta":{"footnotes":""},"categories":[2],"tags":[],"class_list":["post-8799","post","type-post","status-publish","format-standard","has-post-thumbnail","hentry","category-noticias"],"_links":{"self":[{"href":"https:\/\/jornaloalvorada.com.br\/site\/wp-json\/wp\/v2\/posts\/8799","targetHints":{"allow":["GET"]}}],"collection":[{"href":"https:\/\/jornaloalvorada.com.br\/site\/wp-json\/wp\/v2\/posts"}],"about":[{"href":"https:\/\/jornaloalvorada.com.br\/site\/wp-json\/wp\/v2\/types\/post"}],"author":[{"embeddable":true,"href":"https:\/\/jornaloalvorada.com.br\/site\/wp-json\/wp\/v2\/users\/1"}],"replies":[{"embeddable":true,"href":"https:\/\/jornaloalvorada.com.br\/site\/wp-json\/wp\/v2\/comments?post=8799"}],"version-history":[{"count":1,"href":"https:\/\/jornaloalvorada.com.br\/site\/wp-json\/wp\/v2\/posts\/8799\/revisions"}],"predecessor-version":[{"id":8801,"href":"https:\/\/jornaloalvorada.com.br\/site\/wp-json\/wp\/v2\/posts\/8799\/revisions\/8801"}],"wp:featuredmedia":[{"embeddable":true,"href":"https:\/\/jornaloalvorada.com.br\/site\/wp-json\/wp\/v2\/media\/8800"}],"wp:attachment":[{"href":"https:\/\/jornaloalvorada.com.br\/site\/wp-json\/wp\/v2\/media?parent=8799"}],"wp:term":[{"taxonomy":"category","embeddable":true,"href":"https:\/\/jornaloalvorada.com.br\/site\/wp-json\/wp\/v2\/categories?post=8799"},{"taxonomy":"post_tag","embeddable":true,"href":"https:\/\/jornaloalvorada.com.br\/site\/wp-json\/wp\/v2\/tags?post=8799"}],"curies":[{"name":"wp","href":"https:\/\/api.w.org\/{rel}","templated":true}]}}