{"id":8764,"date":"2024-12-19T11:34:00","date_gmt":"2024-12-19T15:34:00","guid":{"rendered":"https:\/\/jornaloalvorada.com.br\/site\/?p=8764"},"modified":"2024-12-20T06:35:46","modified_gmt":"2024-12-20T10:35:46","slug":"pena-de-jamil-name-filho-e-elevada-para-26-anos-pela-execucao-por-engano-de-universitario","status":"publish","type":"post","link":"https:\/\/jornaloalvorada.com.br\/site\/2024\/12\/19\/pena-de-jamil-name-filho-e-elevada-para-26-anos-pela-execucao-por-engano-de-universitario\/","title":{"rendered":"Pena de Jamil Name Filho \u00e9 elevada para 26 anos pela execu\u00e7\u00e3o por engano de universit\u00e1rio"},"content":{"rendered":"\n<p>A 2\u00aa C\u00e2mara Criminal do Tribunal de Justi\u00e7a de Mato Grosso do Sul aumentou a pena do empres\u00e1rio Jamil Name Filho pela execu\u00e7\u00e3o por engano do estudante Matheus Coutinho Xavier para 26 anos de pris\u00e3o no regime fechado. A turma acatou pedido do Minist\u00e9rio P\u00fablico Estadual que considerou dois agravantes, a conduta social do r\u00e9u e o fato de ter ocorrido coopera\u00e7\u00e3o para a concretiza\u00e7\u00e3o do homic\u00eddio.<\/p>\n\n\n\n<p>Os desembargadores tamb\u00e9m ampliaram em 22 dias a puni\u00e7\u00e3o do ex-guarda municipal Marcelo Rios, que vai cumprir no regime fechado 23 anos e 22 dias de pris\u00e3o. J\u00e1 o policial civil Vladenilson Daniel Olmedo teve a pena reduzida de 21 anos e seis meses para 19 anos e 10 meses.<\/p>\n\n\n\n<p>A defesa dos r\u00e9us tentou anular o j\u00fari popular, um dos mais emblem\u00e1ticos da hist\u00f3ria de <a href=\"about:reader?url=https%3A%2F%2Fwww.ojacare.com.br%2F2024%2F12%2F19%2Fpena-de-jamil-name-filho-e-elevada-para-26-anos-pela-execucao-por-engano-de-universitario%2F%23google_vignette#\"><\/a><\/p>\n\n\n\n<p><a href=\"about:reader?url=https%3A%2F%2Fwww.ojacare.com.br%2F2024%2F12%2F19%2Fpena-de-jamil-name-filho-e-elevada-para-26-anos-pela-execucao-por-engano-de-universitario%2F%23google_vignette#\">&nbsp;Campo Grande<\/a> por colocar no banco dos r\u00e9us o integrante de uma das fam\u00edlias mais poderosas e tradicionais da Capital.<\/p>\n\n\n\n<p>Com a revis\u00e3o da senten\u00e7a do juiz Alu\u00edzio Pereira dos Santos, da 2\u00aa Vara do Tribunal do J\u00fari, Jamilzinho vai ficar mais tempo na cadeia. Agora, a defesa poder\u00e1 recorrer ao Superior Tribunal de Justi\u00e7a. O advogado Nefi Cordeiro, que lidera a equipe de defensores, foi ministro do STJ e \u00e9 pode ser a principal arma do empres\u00e1rio para reduzir a pena ou anular o j\u00fari em Bras\u00edlia.<\/p>\n\n\n\n<h3 class=\"wp-block-heading\">Os agravantes<\/h3>\n\n\n\n<p>Em julgamento realizado na ter\u00e7a-feira (17), o desembargador Luiz Gonzaga Mendes Marques, acatou parcialmente pedido da assistente de acusa\u00e7\u00e3o e do MPE para elevar a pena de Jamil Name Filho e Marcelo Rios.<\/p>\n\n\n\n<p>\u201cNo presente caso, consoante elencado, restou demonstrado que o r\u00e9u Jamil Name Filho atuou como mandante do delito, ou seja, aquele que promoveu e organizou a empreitada criminosa, enquanto que os r\u00e9us Marcelo Rios e Vladenilson Daniel Olmedo atuaram como intermedi\u00e1rios do mandante, dirigindo as atividades dos demais agentes\u201d, pontuou o relator.<\/p>\n\n\n\n<p>\u201cDiante disso, dever ser reconhecida a agravante prevista no art. 62, I, do C\u00f3digo Penal, na segunda fase da dosimetria da pena dos apelados JAMILNAME FILHO, MARCELO RIOS e VLADENILSON DANIEL OLMEDO quanto ao delito de homic\u00eddio qualificado, de modo que acolho o referido apelo ministerial nesse t\u00f3pico\u201d, destacou.<\/p>\n\n\n\n<p>Ele foi acompanhado pelos desembargadores Jos\u00e9 Ale Ahmad Netto e L\u00facio R. Silveira. Com a decis\u00e3o, a pena de Jamilzinho passa de 23 anos e seis meses para 26 anos, enquanto a de Marcelo Rios ficou em 23 anos e 22 dias. J\u00e1 a de Olmedo caiu de 21 anos e seis meses para 19 anos e 10 meses.<\/p>\n\n\n\n<p>O crime<\/p>\n\n\n\n<p>Estudante de Direito, Matheus foi morto com tiros de fuzil ao manobrar a caminhonete do pai, o ent\u00e3o capit\u00e3o da PM, Paulo Roberto Teixeira Xavier. O verdadeiro alvo, de acordo com a Pol\u00edcia Civil e o MPE, era o pai do universit\u00e1rio, que teria tra\u00eddo a confian\u00e7a do empres\u00e1rio Jamil Name sobre a Fazenda Figueira.<\/p>\n\n\n\n<p>O assassinato ocorreu no dia 9 de abril de 2019.<\/p>\n\n\n\n<p><strong><em>Fonte: O Jacar\u00e9<\/em><\/strong><\/p>\n\n\n\n<p><\/p>\n","protected":false},"excerpt":{"rendered":"<p>A 2\u00aa C\u00e2mara Criminal do Tribunal de Justi\u00e7a de Mato Grosso do Sul aumentou a pena do empres\u00e1rio Jamil Name<\/p>\n","protected":false},"author":1,"featured_media":8765,"comment_status":"open","ping_status":"open","sticky":false,"template":"","format":"standard","meta":{"footnotes":""},"categories":[2],"tags":[],"class_list":["post-8764","post","type-post","status-publish","format-standard","has-post-thumbnail","hentry","category-noticias"],"_links":{"self":[{"href":"https:\/\/jornaloalvorada.com.br\/site\/wp-json\/wp\/v2\/posts\/8764","targetHints":{"allow":["GET"]}}],"collection":[{"href":"https:\/\/jornaloalvorada.com.br\/site\/wp-json\/wp\/v2\/posts"}],"about":[{"href":"https:\/\/jornaloalvorada.com.br\/site\/wp-json\/wp\/v2\/types\/post"}],"author":[{"embeddable":true,"href":"https:\/\/jornaloalvorada.com.br\/site\/wp-json\/wp\/v2\/users\/1"}],"replies":[{"embeddable":true,"href":"https:\/\/jornaloalvorada.com.br\/site\/wp-json\/wp\/v2\/comments?post=8764"}],"version-history":[{"count":1,"href":"https:\/\/jornaloalvorada.com.br\/site\/wp-json\/wp\/v2\/posts\/8764\/revisions"}],"predecessor-version":[{"id":8766,"href":"https:\/\/jornaloalvorada.com.br\/site\/wp-json\/wp\/v2\/posts\/8764\/revisions\/8766"}],"wp:featuredmedia":[{"embeddable":true,"href":"https:\/\/jornaloalvorada.com.br\/site\/wp-json\/wp\/v2\/media\/8765"}],"wp:attachment":[{"href":"https:\/\/jornaloalvorada.com.br\/site\/wp-json\/wp\/v2\/media?parent=8764"}],"wp:term":[{"taxonomy":"category","embeddable":true,"href":"https:\/\/jornaloalvorada.com.br\/site\/wp-json\/wp\/v2\/categories?post=8764"},{"taxonomy":"post_tag","embeddable":true,"href":"https:\/\/jornaloalvorada.com.br\/site\/wp-json\/wp\/v2\/tags?post=8764"}],"curies":[{"name":"wp","href":"https:\/\/api.w.org\/{rel}","templated":true}]}}