{"id":8761,"date":"2024-12-20T06:33:12","date_gmt":"2024-12-20T10:33:12","guid":{"rendered":"https:\/\/jornaloalvorada.com.br\/site\/?p=8761"},"modified":"2024-12-20T06:33:18","modified_gmt":"2024-12-20T10:33:18","slug":"beto-camila-dr-ovando-dagoberto-geraldo-e-vander-aprovam-pec-dos-gastos-de-lula","status":"publish","type":"post","link":"https:\/\/jornaloalvorada.com.br\/site\/2024\/12\/20\/beto-camila-dr-ovando-dagoberto-geraldo-e-vander-aprovam-pec-dos-gastos-de-lula\/","title":{"rendered":"Beto, Camila, Dr. Ovando, Dagoberto, Geraldo e Vander aprovam PEC dos Gastos de Lula"},"content":{"rendered":"\n<p>Com o apoio de seis dos oito deputados federais de Mato Grosso do Sul, a C\u00e2mara dos Deputados aprovou, nesta quinta-feira (19), a Proposta de Emenda \u00e0 Constitui\u00e7\u00e3o do pacote de corte de gastos obrigat\u00f3rios do Governo Lula (PT). A surpresa foi o voto favor\u00e1vel, no segundo turno, do bolsonarista Dr. Luiz Ovando (PP).<\/p>\n\n\n\n<p>A PEC dos gastos foi aprovada em primeiro turno com o voto favor\u00e1vel de 354 deputados, 154 contr\u00e1rios e duas absten\u00e7\u00f5es. Da bancada de MS, votaram a favor Beto Pereira, Dagoberto Nogueira e Geraldo Resende, do PSDB, Camila Jara e Vander Loubet (PT). Os tr\u00eas bolsonaristas foram contra: Dr. Luiz Ovando, Marcos Pollon e Rodolfo Nogueira, do PL.<\/p>\n\n\n\n<p>J\u00e1 em segunda vota\u00e7\u00e3o, foram 348 votos a favor e 146 contr\u00e1rios. A surpresa foi o oposicionista Dr. Ovando, que mudou de lado e votou a favor da PEC dos Gastos, ao lado de Beto, Camila, Dagoberto, Geraldo e Vander. J\u00e1 Pollon e Rodolfo repetiram o voto contra o projeto.<\/p>\n\n\n\n<p>A PEC mira principalmente o controle dos supersal\u00e1rios, condicionando acr\u00e9scimos ao teto constitucional de R$ 44 mil \u00e0 cria\u00e7\u00e3o de leis espec\u00edficas para cada \u00f3rg\u00e3o p\u00fablico.<\/p>\n\n\n\n<p>A proposta tamb\u00e9m prev\u00ea algumas medidas de conten\u00e7\u00e3o de gastos em programas sociais, como a interrup\u00e7\u00e3o tempor\u00e1ria do reajuste do abono salarial concedido a trabalhadores com at\u00e9 dois sal\u00e1rios m\u00ednimos e a autoriza\u00e7\u00e3o para que o governo utilize uma parte do Fundo de Manuten\u00e7\u00e3o e Desenvolvimento da Educa\u00e7\u00e3o B\u00e1sica (Fundeb) para o pagamento das matr\u00edculas de ensino integral nas escolas p\u00fablicas.<\/p>\n\n\n\n<p>Com a aprova\u00e7\u00e3o dos destaques, a PEC ser\u00e1 encaminhada para an\u00e1lise do Senado.<\/p>\n\n\n\n<p><strong><em>Fonte: O Jacar\u00e9<\/em><\/strong><\/p>\n","protected":false},"excerpt":{"rendered":"<p>Com o apoio de seis dos oito deputados federais de Mato Grosso do Sul, a C\u00e2mara dos Deputados aprovou, nesta<\/p>\n","protected":false},"author":1,"featured_media":8762,"comment_status":"open","ping_status":"open","sticky":false,"template":"","format":"standard","meta":{"footnotes":""},"categories":[2],"tags":[],"class_list":["post-8761","post","type-post","status-publish","format-standard","has-post-thumbnail","hentry","category-noticias"],"_links":{"self":[{"href":"https:\/\/jornaloalvorada.com.br\/site\/wp-json\/wp\/v2\/posts\/8761","targetHints":{"allow":["GET"]}}],"collection":[{"href":"https:\/\/jornaloalvorada.com.br\/site\/wp-json\/wp\/v2\/posts"}],"about":[{"href":"https:\/\/jornaloalvorada.com.br\/site\/wp-json\/wp\/v2\/types\/post"}],"author":[{"embeddable":true,"href":"https:\/\/jornaloalvorada.com.br\/site\/wp-json\/wp\/v2\/users\/1"}],"replies":[{"embeddable":true,"href":"https:\/\/jornaloalvorada.com.br\/site\/wp-json\/wp\/v2\/comments?post=8761"}],"version-history":[{"count":1,"href":"https:\/\/jornaloalvorada.com.br\/site\/wp-json\/wp\/v2\/posts\/8761\/revisions"}],"predecessor-version":[{"id":8763,"href":"https:\/\/jornaloalvorada.com.br\/site\/wp-json\/wp\/v2\/posts\/8761\/revisions\/8763"}],"wp:featuredmedia":[{"embeddable":true,"href":"https:\/\/jornaloalvorada.com.br\/site\/wp-json\/wp\/v2\/media\/8762"}],"wp:attachment":[{"href":"https:\/\/jornaloalvorada.com.br\/site\/wp-json\/wp\/v2\/media?parent=8761"}],"wp:term":[{"taxonomy":"category","embeddable":true,"href":"https:\/\/jornaloalvorada.com.br\/site\/wp-json\/wp\/v2\/categories?post=8761"},{"taxonomy":"post_tag","embeddable":true,"href":"https:\/\/jornaloalvorada.com.br\/site\/wp-json\/wp\/v2\/tags?post=8761"}],"curies":[{"name":"wp","href":"https:\/\/api.w.org\/{rel}","templated":true}]}}