{"id":8758,"date":"2024-12-20T06:31:40","date_gmt":"2024-12-20T10:31:40","guid":{"rendered":"https:\/\/jornaloalvorada.com.br\/site\/?p=8758"},"modified":"2024-12-20T06:31:43","modified_gmt":"2024-12-20T10:31:43","slug":"previsao-para-o-ano-novo-frente-fria-e-chuva-intensa-confira-os-detalhes","status":"publish","type":"post","link":"https:\/\/jornaloalvorada.com.br\/site\/2024\/12\/20\/previsao-para-o-ano-novo-frente-fria-e-chuva-intensa-confira-os-detalhes\/","title":{"rendered":"Previs\u00e3o para o Ano Novo: frente fria e chuva intensa. Confira os detalhes"},"content":{"rendered":"\n<p>A semana do Ano Novo vai ser marcada por muita chuva em \u00e1reas do centro-sul do Brasil devido \u00e0 forma\u00e7\u00e3o e passagem de uma grande frente fria.<\/p>\n\n\n\n<p>Segundo previs\u00e3o da MeteoRed, uma \u00e1rea de baixa press\u00e3o atmosf\u00e9rica deve se formar em alto mar entre sexta-feira, 27, e s\u00e1bado, 28. Esse sistema vai ser o respons\u00e1vel por dar origem \u00e0 frente fria, que avan\u00e7a sobre o Brasil a partir de domingo, 29.<\/p>\n\n\n\n<p>A \u00faltima semana do ano promete ser chuvosa e fria no Brasil, especialmente em \u00e1reas do leste da Regi\u00e3o Sul, inclusive em Santa Catarina e no norte e leste do Paran\u00e1.<\/p>\n\n\n\n<p>No entanto, a chuva mais intensa e volumosa deve se concentrar sobre o Sudeste do Brasil, com destaque para os Estados de S\u00e3o Paulo, Rio de Janeiro e para o sul e oeste de Minas Gerais. Altos volumes tamb\u00e9m s\u00e3o esperados para o Centro-Oeste e para o Amazonas e Rond\u00f4nia.<\/p>\n\n\n\n<p>Em todas essas localidades, \u00e9 alto o risco para eventos extremos, como alagamentos, deslizamentos de terra e queda de barreiras.<\/p>\n\n\n\n<p>Frente fria deixa tempo \u00famido na v\u00e9spera de Ano Novo<br>Na v\u00e9spera do Ano Novo, o canal de umidade formado pela frente fria vai continuar ativo, mas perde intensidade. A virada pode ter chuva fraca em S\u00e3o Paulo, no Rio de Janeiro e em Belo Horizonte, onde as temperaturas ficam amenas. Em Vit\u00f3ria, n\u00e3o chove.<\/p>\n\n\n\n<p>Para o Sul, a umidade continua elevada, especialmente em \u00e1reas da faixa leste da Regi\u00e3o, inclusive em Florian\u00f3polis e em Curitiba, onde pode garoar na noite de ter\u00e7a-feira, 31. A maior chance de chuva fica concentrada sobre o norte do Paran\u00e1. Em Porto Alegre, a previs\u00e3o indica tempo firme no R\u00e9veillon.<\/p>\n\n\n\n<p>No Centro-Oeste, a previs\u00e3o \u00e9 de c\u00e9u nublado no \u00faltimo dia de 2024 e a sensa\u00e7\u00e3o deve ser de tempo abafado. Na hora da virada, pode chover fraco em Goi\u00e1s, no Distrito Federal e em \u00e1reas de Mato Grosso. Em Mato Grosso do Sul, a previs\u00e3o n\u00e3o indica chuva.<\/p>\n\n\n\n<p>Leia tamb\u00e9m: \u201cNatal pode ter frente fria; confira a previs\u00e3o do tempo por regi\u00e3o do Brasil\u201d<\/p>\n\n\n\n<p>J\u00e1 no Norte do Brasil, a maior chance de chuva se concentra sobre regi\u00e3o de Bel\u00e9m. No entanto, tamb\u00e9m ocorrem pancadas isoladas com moderada intensidade em Manaus, Porto Velho e Rio Branco. Em Palmas e Macap\u00e1, o Ano Novo deve ter tempo inst\u00e1vel, mas s\u00f3 chove fraco. J\u00e1 em Boa Vista, o tempo fica firme.<\/p>\n\n\n\n<p>Nas capitais do Nordeste, o ano de 2025 vai come\u00e7ar sem chuva e com sensa\u00e7\u00e3o de calor.<\/p>\n\n\n\n<p><em><strong>Fonte: Revista Oeste<\/strong><\/em><\/p>\n","protected":false},"excerpt":{"rendered":"<p>A semana do Ano Novo vai ser marcada por muita chuva em \u00e1reas do centro-sul do Brasil devido \u00e0 forma\u00e7\u00e3o<\/p>\n","protected":false},"author":1,"featured_media":8759,"comment_status":"open","ping_status":"open","sticky":false,"template":"","format":"standard","meta":{"footnotes":""},"categories":[2],"tags":[],"class_list":["post-8758","post","type-post","status-publish","format-standard","has-post-thumbnail","hentry","category-noticias"],"_links":{"self":[{"href":"https:\/\/jornaloalvorada.com.br\/site\/wp-json\/wp\/v2\/posts\/8758","targetHints":{"allow":["GET"]}}],"collection":[{"href":"https:\/\/jornaloalvorada.com.br\/site\/wp-json\/wp\/v2\/posts"}],"about":[{"href":"https:\/\/jornaloalvorada.com.br\/site\/wp-json\/wp\/v2\/types\/post"}],"author":[{"embeddable":true,"href":"https:\/\/jornaloalvorada.com.br\/site\/wp-json\/wp\/v2\/users\/1"}],"replies":[{"embeddable":true,"href":"https:\/\/jornaloalvorada.com.br\/site\/wp-json\/wp\/v2\/comments?post=8758"}],"version-history":[{"count":1,"href":"https:\/\/jornaloalvorada.com.br\/site\/wp-json\/wp\/v2\/posts\/8758\/revisions"}],"predecessor-version":[{"id":8760,"href":"https:\/\/jornaloalvorada.com.br\/site\/wp-json\/wp\/v2\/posts\/8758\/revisions\/8760"}],"wp:featuredmedia":[{"embeddable":true,"href":"https:\/\/jornaloalvorada.com.br\/site\/wp-json\/wp\/v2\/media\/8759"}],"wp:attachment":[{"href":"https:\/\/jornaloalvorada.com.br\/site\/wp-json\/wp\/v2\/media?parent=8758"}],"wp:term":[{"taxonomy":"category","embeddable":true,"href":"https:\/\/jornaloalvorada.com.br\/site\/wp-json\/wp\/v2\/categories?post=8758"},{"taxonomy":"post_tag","embeddable":true,"href":"https:\/\/jornaloalvorada.com.br\/site\/wp-json\/wp\/v2\/tags?post=8758"}],"curies":[{"name":"wp","href":"https:\/\/api.w.org\/{rel}","templated":true}]}}