{"id":8755,"date":"2024-12-20T06:29:54","date_gmt":"2024-12-20T10:29:54","guid":{"rendered":"https:\/\/jornaloalvorada.com.br\/site\/?p=8755"},"modified":"2024-12-20T06:29:56","modified_gmt":"2024-12-20T10:29:56","slug":"papa-francisco-revela-ter-sofrido-tentativas-de-assassinato-em-ida-ao-iraque","status":"publish","type":"post","link":"https:\/\/jornaloalvorada.com.br\/site\/2024\/12\/20\/papa-francisco-revela-ter-sofrido-tentativas-de-assassinato-em-ida-ao-iraque\/","title":{"rendered":"Papa Francisco revela ter sofrido tentativas de assassinato em ida ao Iraque"},"content":{"rendered":"\n<p>O Papa Francisco revelou em uma autobiografia que duas tentativas de atentado contra ele foram frustradas durante sua viagem hist\u00f3rica ao Iraque, em 2021.<\/p>\n\n\n\n<p>O pont\u00edfice escreveu que foi avisado de um relat\u00f3rio dos servi\u00e7os de seguran\u00e7a brit\u00e2nicos de que uma jovem com explosivos estava a caminho de Mossul, uma as maiores cidades do Iraque, para se explodir durante sua visita. O Papa acrescentou que lhe foi dito que uma van \u201ctamb\u00e9m havia partido em alta velocidade com a mesma inten\u00e7\u00e3o\u201d.<\/p>\n\n\n\n<p>Francisco, que completa 88 anos nesta ter\u00e7a-feira (17), fez os coment\u00e1rios em um novo livro de mem\u00f3rias, intitulado \u201cEsperan\u00e7a\u201d, que ser\u00e1 lan\u00e7ado no in\u00edcio do ano que vem.<\/p>\n\n\n\n<p>\u201cQuando perguntei \u00e0 Gendarmaria (do Vaticano) no dia seguinte o que se sabia sobre os dois bombardeiros, o comandante respondeu laconicamente: \u2018Eles n\u00e3o est\u00e3o mais l\u00e1\u2019\u201d, escreveu ele nas mem\u00f3rias, um trecho do qual foi publicado pelo jornal italiano Corriere Della Sera.<\/p>\n\n\n\n<p>\u201cA pol\u00edcia iraquiana os interceptou e os detonou. Isso tamb\u00e9m foi muito marcante para mim. Isso tamb\u00e9m foi o fruto envenenado da guerra.\u201d<\/p>\n\n\n\n<p>A visita de Francisco ao Iraque foi a primeira de um pont\u00edfice ao pa\u00eds e foi considerada uma viagem de alt\u00edssimo risco, tanto por raz\u00f5es de seguran\u00e7a quanto devido \u00e0 pandemia de Covid-19.<\/p>\n\n\n\n<p>Mas Francisco explicou que estava determinado a ir ao Iraque, um pa\u00eds rico em hist\u00f3ria b\u00edblica e lar de uma das comunidades crist\u00e3s mais antigas do mundo.<\/p>\n\n\n\n<p>Durante a viagem, ele demonstrou solidariedade aos crist\u00e3os perseguidos no pa\u00eds e teve um encontro hist\u00f3rico com o Grande Aiatol\u00e1 al-Sistani, uma das principais autoridades do islamismo xiita.<\/p>\n\n\n\n<p><strong><em>Fonte: CNN Brasil<\/em><\/strong><\/p>\n\n\n\n<p><\/p>\n","protected":false},"excerpt":{"rendered":"<p>O Papa Francisco revelou em uma autobiografia que duas tentativas de atentado contra ele foram frustradas durante sua viagem hist\u00f3rica<\/p>\n","protected":false},"author":1,"featured_media":8756,"comment_status":"open","ping_status":"open","sticky":false,"template":"","format":"standard","meta":{"footnotes":""},"categories":[2],"tags":[],"class_list":["post-8755","post","type-post","status-publish","format-standard","has-post-thumbnail","hentry","category-noticias"],"_links":{"self":[{"href":"https:\/\/jornaloalvorada.com.br\/site\/wp-json\/wp\/v2\/posts\/8755","targetHints":{"allow":["GET"]}}],"collection":[{"href":"https:\/\/jornaloalvorada.com.br\/site\/wp-json\/wp\/v2\/posts"}],"about":[{"href":"https:\/\/jornaloalvorada.com.br\/site\/wp-json\/wp\/v2\/types\/post"}],"author":[{"embeddable":true,"href":"https:\/\/jornaloalvorada.com.br\/site\/wp-json\/wp\/v2\/users\/1"}],"replies":[{"embeddable":true,"href":"https:\/\/jornaloalvorada.com.br\/site\/wp-json\/wp\/v2\/comments?post=8755"}],"version-history":[{"count":1,"href":"https:\/\/jornaloalvorada.com.br\/site\/wp-json\/wp\/v2\/posts\/8755\/revisions"}],"predecessor-version":[{"id":8757,"href":"https:\/\/jornaloalvorada.com.br\/site\/wp-json\/wp\/v2\/posts\/8755\/revisions\/8757"}],"wp:featuredmedia":[{"embeddable":true,"href":"https:\/\/jornaloalvorada.com.br\/site\/wp-json\/wp\/v2\/media\/8756"}],"wp:attachment":[{"href":"https:\/\/jornaloalvorada.com.br\/site\/wp-json\/wp\/v2\/media?parent=8755"}],"wp:term":[{"taxonomy":"category","embeddable":true,"href":"https:\/\/jornaloalvorada.com.br\/site\/wp-json\/wp\/v2\/categories?post=8755"},{"taxonomy":"post_tag","embeddable":true,"href":"https:\/\/jornaloalvorada.com.br\/site\/wp-json\/wp\/v2\/tags?post=8755"}],"curies":[{"name":"wp","href":"https:\/\/api.w.org\/{rel}","templated":true}]}}