{"id":8745,"date":"2024-12-18T15:37:45","date_gmt":"2024-12-18T19:37:45","guid":{"rendered":"https:\/\/jornaloalvorada.com.br\/site\/?p=8745"},"modified":"2024-12-18T15:37:47","modified_gmt":"2024-12-18T19:37:47","slug":"prefeito-jose-paleari-visita-grupo-de-artesaos-do-municipio","status":"publish","type":"post","link":"https:\/\/jornaloalvorada.com.br\/site\/2024\/12\/18\/prefeito-jose-paleari-visita-grupo-de-artesaos-do-municipio\/","title":{"rendered":"Prefeito Jos\u00e9 Paleari visita grupo de artes\u00e3os do munic\u00edpio"},"content":{"rendered":"\n<p>O prefeito de Nova Alvorada do Sul, Jos\u00e9 Paulo Paleari foi bater um papo e tomar um caf\u00e9 com o grupo de artes\u00e3os do munic\u00edpio.<\/p>\n\n\n\n<p>O objetivo \u00e9 garantir que o talento de cada um de deles seja reconhecido e valorizado. &#8220;Vamos trabalhar juntos para transformar nosso munic\u00edpio em um polo de artesanato, onde a tradi\u00e7\u00e3o se encontra com o futuro&#8221;. Diz prefeito.<\/p>\n\n\n\n<iframe loading=\"lazy\" src=\"https:\/\/www.facebook.com\/plugins\/video.php?height=476&#038;href=https%3A%2F%2Fwww.facebook.com%2Fjppaleari%2Fvideos%2F970165651809908%2F&#038;show_text=false&#038;width=267&#038;t=0\" width=\"267\" height=\"476\" style=\"border:none;overflow:hidden\" scrolling=\"no\" frameborder=\"0\" allowfullscreen=\"true\" allow=\"autoplay; clipboard-write; encrypted-media; picture-in-picture; web-share\" allowFullScreen=\"true\"><\/iframe>\n","protected":false},"excerpt":{"rendered":"<p>O prefeito de Nova Alvorada do Sul, Jos\u00e9 Paulo Paleari foi bater um papo e tomar um caf\u00e9 com o<\/p>\n","protected":false},"author":1,"featured_media":8746,"comment_status":"open","ping_status":"open","sticky":false,"template":"","format":"standard","meta":{"footnotes":""},"categories":[2],"tags":[],"class_list":["post-8745","post","type-post","status-publish","format-standard","has-post-thumbnail","hentry","category-noticias"],"_links":{"self":[{"href":"https:\/\/jornaloalvorada.com.br\/site\/wp-json\/wp\/v2\/posts\/8745","targetHints":{"allow":["GET"]}}],"collection":[{"href":"https:\/\/jornaloalvorada.com.br\/site\/wp-json\/wp\/v2\/posts"}],"about":[{"href":"https:\/\/jornaloalvorada.com.br\/site\/wp-json\/wp\/v2\/types\/post"}],"author":[{"embeddable":true,"href":"https:\/\/jornaloalvorada.com.br\/site\/wp-json\/wp\/v2\/users\/1"}],"replies":[{"embeddable":true,"href":"https:\/\/jornaloalvorada.com.br\/site\/wp-json\/wp\/v2\/comments?post=8745"}],"version-history":[{"count":1,"href":"https:\/\/jornaloalvorada.com.br\/site\/wp-json\/wp\/v2\/posts\/8745\/revisions"}],"predecessor-version":[{"id":8747,"href":"https:\/\/jornaloalvorada.com.br\/site\/wp-json\/wp\/v2\/posts\/8745\/revisions\/8747"}],"wp:featuredmedia":[{"embeddable":true,"href":"https:\/\/jornaloalvorada.com.br\/site\/wp-json\/wp\/v2\/media\/8746"}],"wp:attachment":[{"href":"https:\/\/jornaloalvorada.com.br\/site\/wp-json\/wp\/v2\/media?parent=8745"}],"wp:term":[{"taxonomy":"category","embeddable":true,"href":"https:\/\/jornaloalvorada.com.br\/site\/wp-json\/wp\/v2\/categories?post=8745"},{"taxonomy":"post_tag","embeddable":true,"href":"https:\/\/jornaloalvorada.com.br\/site\/wp-json\/wp\/v2\/tags?post=8745"}],"curies":[{"name":"wp","href":"https:\/\/api.w.org\/{rel}","templated":true}]}}