{"id":8735,"date":"2024-12-18T12:19:15","date_gmt":"2024-12-18T16:19:15","guid":{"rendered":"https:\/\/jornaloalvorada.com.br\/site\/?p=8735"},"modified":"2024-12-18T12:19:21","modified_gmt":"2024-12-18T16:19:21","slug":"prefeitura-realiza-confraternizacao-com-servidores-do-paco-municipal","status":"publish","type":"post","link":"https:\/\/jornaloalvorada.com.br\/site\/2024\/12\/18\/prefeitura-realiza-confraternizacao-com-servidores-do-paco-municipal\/","title":{"rendered":"Prefeitura realiza confraterniza\u00e7\u00e3o com servidores do Pa\u00e7o Municipal"},"content":{"rendered":"\n<p>Realizamos na manh\u00e3 desta quarta-feira a Confraterniza\u00e7\u00e3o com nossos servidores do Pa\u00e7o Municipal.<\/p>\n\n\n\n<p>&#8220;Quero desejar um Feliz Natal e um Pr\u00f3spero Ano Novo a todos os nossos Servidores Municipais&#8221;. Diz prefeito de Nova Alvorada do Sul, Jos\u00e9 Paulo Paleari.<\/p>\n","protected":false},"excerpt":{"rendered":"<p>Realizamos na manh\u00e3 desta quarta-feira a Confraterniza\u00e7\u00e3o com nossos servidores do Pa\u00e7o Municipal. &#8220;Quero desejar um Feliz Natal e um<\/p>\n","protected":false},"author":1,"featured_media":8736,"comment_status":"open","ping_status":"open","sticky":false,"template":"","format":"standard","meta":{"footnotes":""},"categories":[2],"tags":[],"class_list":["post-8735","post","type-post","status-publish","format-standard","has-post-thumbnail","hentry","category-noticias"],"_links":{"self":[{"href":"https:\/\/jornaloalvorada.com.br\/site\/wp-json\/wp\/v2\/posts\/8735","targetHints":{"allow":["GET"]}}],"collection":[{"href":"https:\/\/jornaloalvorada.com.br\/site\/wp-json\/wp\/v2\/posts"}],"about":[{"href":"https:\/\/jornaloalvorada.com.br\/site\/wp-json\/wp\/v2\/types\/post"}],"author":[{"embeddable":true,"href":"https:\/\/jornaloalvorada.com.br\/site\/wp-json\/wp\/v2\/users\/1"}],"replies":[{"embeddable":true,"href":"https:\/\/jornaloalvorada.com.br\/site\/wp-json\/wp\/v2\/comments?post=8735"}],"version-history":[{"count":1,"href":"https:\/\/jornaloalvorada.com.br\/site\/wp-json\/wp\/v2\/posts\/8735\/revisions"}],"predecessor-version":[{"id":8737,"href":"https:\/\/jornaloalvorada.com.br\/site\/wp-json\/wp\/v2\/posts\/8735\/revisions\/8737"}],"wp:featuredmedia":[{"embeddable":true,"href":"https:\/\/jornaloalvorada.com.br\/site\/wp-json\/wp\/v2\/media\/8736"}],"wp:attachment":[{"href":"https:\/\/jornaloalvorada.com.br\/site\/wp-json\/wp\/v2\/media?parent=8735"}],"wp:term":[{"taxonomy":"category","embeddable":true,"href":"https:\/\/jornaloalvorada.com.br\/site\/wp-json\/wp\/v2\/categories?post=8735"},{"taxonomy":"post_tag","embeddable":true,"href":"https:\/\/jornaloalvorada.com.br\/site\/wp-json\/wp\/v2\/tags?post=8735"}],"curies":[{"name":"wp","href":"https:\/\/api.w.org\/{rel}","templated":true}]}}