{"id":8732,"date":"2024-12-18T12:09:08","date_gmt":"2024-12-18T16:09:08","guid":{"rendered":"https:\/\/jornaloalvorada.com.br\/site\/?p=8732"},"modified":"2024-12-18T12:14:15","modified_gmt":"2024-12-18T16:14:15","slug":"prefeito-tira-indicados-de-aliado-e-coloca-a-propria-esposa-como-secretaria","status":"publish","type":"post","link":"https:\/\/jornaloalvorada.com.br\/site\/2024\/12\/18\/prefeito-tira-indicados-de-aliado-e-coloca-a-propria-esposa-como-secretaria\/","title":{"rendered":"Prefeito tira indicados de aliado e coloca a pr\u00f3pria esposa como secret\u00e1ria"},"content":{"rendered":"\n<p>O prefeito reeleito para novo mandato no Munic\u00edpio de Ponta Por\u00e3, Eduardo Campos (PSDB), j\u00e1 definiu os secret\u00e1rios para a pr\u00f3xima gest\u00e3o. Ele herdou o mandato pela metade, quando H\u00e9lio Pelufo (PSDB) saiu para exercer a fun\u00e7\u00e3o de Secret\u00e1rio de Obras no Governo do Estado.<\/p>\n\n\n\n<p>Campos manteve os secret\u00e1rios indicados por Peluffo, mas para o novo mandato anunciou muitas mudan\u00e7as. Na nota divulgada no site da prefeitura, a justificativa \u00e9 de que a configura\u00e7\u00e3o foi \u201cmais t\u00e9cnica que pol\u00edtica\u201d.<\/p>\n\n\n\n<p>Entre os nomes, destaque para a indica\u00e7\u00e3o da pr\u00f3pria esposa, Paula Consalter Campos, como Secret\u00e1ria de Governo, e a aus\u00eancia do vice, Dr. Patrick Derzi (PP), que era esperado como secret\u00e1rio de Sa\u00fade.<\/p>\n\n\n\n<p>\u201cFoi um processo silencioso, por\u00e9m, muito exaustivo. Minha preocupa\u00e7\u00e3o foi maior com as pessoas que deixar\u00e3o os cargos, mas buscamos fazer tudo dentro da maior transpar\u00eancia poss\u00edvel. O fato de trocar Secret\u00e1rios, n\u00e3o quer dizer que eles n\u00e3o foram bem, muito pelo contr\u00e1rio, alguns ficaram por 08 anos\u2026 N\u00f3s agradecemos ao trabalho realizado at\u00e9 aqui, tivemos uma conviv\u00eancia de 8 anos de trabalho, mas o momento agora \u00e9 novo, novas ideias e novos trabalhos\u201d, justificou.<\/p>\n\n\n\n<p>Segundo o prefeito, as primeiras indica\u00e7\u00f5es foram t\u00e9cnicas, mas tamb\u00e9m haver\u00e1 espa\u00e7o para acomoda\u00e7\u00f5es pol\u00edticas. \u201cS\u00e3o pessoas que fazem a diferen\u00e7a naquilo que fazem dentro da cidade, n\u00e3o necessariamente no p\u00fablico, mas em suas \u00e1reas. Neste primeiro momento, \u00e9 uma indica\u00e7\u00e3o t\u00e9cnica e em um segundo momento haver\u00e1 uma acomoda\u00e7\u00e3o pol\u00edtica\u201d.<\/p>\n\n\n\n<p><strong>Abaixo o secretariado anunciado pelo prefeito:<\/strong><\/p>\n\n\n\n<p>Fabr\u00edcio Cervieri \u2013 Secretaria Municipal de Finan\u00e7as;<\/p>\n\n\n\n<p>Paula Consalter Campos \u2013 Secretaria Municipal de Governo e Comunica\u00e7\u00e3o;<\/p>\n\n\n\n<p>Wesley Tolentino \u2013 Secretaria Municipal de Administra\u00e7\u00e3o;<\/p>\n\n\n\n<p>Luciana Chaves \u2013 Secretaria Municipal de Habita\u00e7\u00e3o;<\/p>\n\n\n\n<p>Joan\u00edlson dos Santos Silva \u2013 Secretaria Municipal de Obras e Urbanismo\/<\/p>\n\n\n\n<p>Raquel Lageano \u2013 Secretaria Municipal de Desenvolvimento Regional, Ind\u00fastria, Com\u00e9rcio e Turismo;<\/p>\n\n\n\n<p>Dilma Silva \u2013 Secretaria Municipal de Assist\u00eancia Social;<\/p>\n\n\n\n<p>Candinho Gab\u00ednio \u2013 Secretaria Municipal de Seguran\u00e7a P\u00fablica;<\/p>\n\n\n\n<p>Mariana Massud \u2013 Secretaria Municipal de Meio Ambiente;<\/p>\n\n\n\n<p>Daniel Kayatt \u2013 Secretaria Municipal de Sa\u00fade;<\/p>\n\n\n\n<p>Eliana Fernandes \u2013 Secretaria Municipal de Educa\u00e7\u00e3o, Esporte, Cultura e Lazer e<\/p>\n\n\n\n<p>Rafael Modesto \u2013 Procuradoria Geral.<\/p>\n\n\n\n<p><strong><em>Fonte: Investiga MS<\/em><\/strong><\/p>\n\n\n\n<p><\/p>\n","protected":false},"excerpt":{"rendered":"<p>O prefeito reeleito para novo mandato no Munic\u00edpio de Ponta Por\u00e3, Eduardo Campos (PSDB), j\u00e1 definiu os secret\u00e1rios para a<\/p>\n","protected":false},"author":1,"featured_media":8733,"comment_status":"open","ping_status":"open","sticky":false,"template":"","format":"standard","meta":{"footnotes":""},"categories":[2],"tags":[],"class_list":["post-8732","post","type-post","status-publish","format-standard","has-post-thumbnail","hentry","category-noticias"],"_links":{"self":[{"href":"https:\/\/jornaloalvorada.com.br\/site\/wp-json\/wp\/v2\/posts\/8732","targetHints":{"allow":["GET"]}}],"collection":[{"href":"https:\/\/jornaloalvorada.com.br\/site\/wp-json\/wp\/v2\/posts"}],"about":[{"href":"https:\/\/jornaloalvorada.com.br\/site\/wp-json\/wp\/v2\/types\/post"}],"author":[{"embeddable":true,"href":"https:\/\/jornaloalvorada.com.br\/site\/wp-json\/wp\/v2\/users\/1"}],"replies":[{"embeddable":true,"href":"https:\/\/jornaloalvorada.com.br\/site\/wp-json\/wp\/v2\/comments?post=8732"}],"version-history":[{"count":1,"href":"https:\/\/jornaloalvorada.com.br\/site\/wp-json\/wp\/v2\/posts\/8732\/revisions"}],"predecessor-version":[{"id":8734,"href":"https:\/\/jornaloalvorada.com.br\/site\/wp-json\/wp\/v2\/posts\/8732\/revisions\/8734"}],"wp:featuredmedia":[{"embeddable":true,"href":"https:\/\/jornaloalvorada.com.br\/site\/wp-json\/wp\/v2\/media\/8733"}],"wp:attachment":[{"href":"https:\/\/jornaloalvorada.com.br\/site\/wp-json\/wp\/v2\/media?parent=8732"}],"wp:term":[{"taxonomy":"category","embeddable":true,"href":"https:\/\/jornaloalvorada.com.br\/site\/wp-json\/wp\/v2\/categories?post=8732"},{"taxonomy":"post_tag","embeddable":true,"href":"https:\/\/jornaloalvorada.com.br\/site\/wp-json\/wp\/v2\/tags?post=8732"}],"curies":[{"name":"wp","href":"https:\/\/api.w.org\/{rel}","templated":true}]}}