{"id":8725,"date":"2024-12-17T09:39:00","date_gmt":"2024-12-17T13:39:00","guid":{"rendered":"https:\/\/jornaloalvorada.com.br\/site\/?p=8725"},"modified":"2024-12-17T10:40:52","modified_gmt":"2024-12-17T14:40:52","slug":"para-reforcar-seguranca-em-58-municipios-governo-de-ms-entrega-77-viaturas-a-pm-e-policia-civil","status":"publish","type":"post","link":"https:\/\/jornaloalvorada.com.br\/site\/2024\/12\/17\/para-reforcar-seguranca-em-58-municipios-governo-de-ms-entrega-77-viaturas-a-pm-e-policia-civil\/","title":{"rendered":"Para refor\u00e7ar seguran\u00e7a em 58 munic\u00edpios, Governo de MS entrega 77 viaturas \u00e0 PM e Pol\u00edcia Civil"},"content":{"rendered":"\n<p>Para refor\u00e7ar as a\u00e7\u00f5es de seguran\u00e7a p\u00fablica em todo o Mato Grosso do Sul, o Governo do Estado entregou na manh\u00e3 de segunda-feira (16), 77 viaturas que ser\u00e3o destinadas para 58 munic\u00edpios.<\/p>\n\n\n\n<p>O governador Eduardo Riedel e a ministra Simone Tebet (Planejamento e Or\u00e7amento) participaram da solenidade realizada no Comando Geral da PM, em Campo Grande.<\/p>\n\n\n\n<p>\u201cHoje \u00e9 um dia de celebrar, a bancada federal entendeu essa demanda do Estado, colocando 77 viaturas, atrav\u00e9s do Minist\u00e9rio da Justi\u00e7a, que vem para refor\u00e7ar esse investimento. Dias atr\u00e1s entregamos 70 viaturas s\u00f3 em Campo Grande, com recursos pr\u00f3prios. Viaturas menores para o tr\u00e2nsito urbano, que responde muito bem aqui em Campo Grande, e dessa maneira a gente vai garantindo que a seguran\u00e7a p\u00fablica permane\u00e7a como uma das melhores do pa\u00eds\u201d, afirmou Riedel.<\/p>\n\n\n\n<figure class=\"wp-block-image\"><a href=\"https:\/\/agenciadenoticias.ms.gov.br\/entrega-de-viaturas-pm-pc-foto-saul-schramm-45\/\"><img decoding=\"async\" src=\"https:\/\/agenciadenoticias.ms.gov.br\/wp-content\/uploads\/2024\/12\/Entrega-de-Viaturas-PM-PC-Foto-Saul-Schramm-45-1024x619.jpg\" alt=\"\"\/><\/a><\/figure>\n\n\n\n<figure class=\"wp-block-image\"><a href=\"https:\/\/agenciadenoticias.ms.gov.br\/?attachment_id=499239\"><img decoding=\"async\" src=\"https:\/\/agenciadenoticias.ms.gov.br\/wp-content\/uploads\/2024\/12\/Entrega-de-Viaturas-PM-PC-Foto-Saul-Schramm-43-1-1024x603.jpg\" alt=\"\"\/><\/a><\/figure>\n\n\n\n<p>Com investimentos que superam R$ 22 milh\u00f5es, os ve\u00edculos ser\u00e3o empregados na Pol\u00edcia Militar, Pol\u00edcia Civil e na Coordenadoria Geral de Per\u00edcias.<\/p>\n\n\n\n<p>&nbsp;\u201cA entrega dessas viaturas, com recursos do Governo Federal, por meio de emendas da bancada de Mato Grosso do Sul, ocorre a pedido do governador, para a seguran\u00e7a p\u00fablica, que \u00e9 uma das melhores do Brasil\u201d, disse Simone Tebet.<\/p>\n\n\n\n<p>A diretora do FNSP (Fundo Nacional de Seguran\u00e7a P\u00fablica), do Minist\u00e9rio da Justi\u00e7a, Camila Pintarelli, participou da entrega e pontuou sobre a integra\u00e7\u00e3o entre o Governo Federal e o Estado, na promo\u00e7\u00e3o da seguran\u00e7a p\u00fablica. \u201cO compromisso com a seguran\u00e7a p\u00fablica \u00e9 de todos, e se a bancada continuar aportando emendas no Fundo Nacional de Seguran\u00e7a P\u00fablica, n\u00f3s conseguimos executar em tempo recorde. Nossa equipe consegue comprar e entregar. E isso quem sai ganhando \u00e9 a popula\u00e7\u00e3o de Mato Grosso do Sul, com 77 viaturas que certamente v\u00e3o fazer a diferen\u00e7a aqui na seguran\u00e7a p\u00fablica\u201d.<\/p>\n\n\n\n<figure class=\"wp-block-image\"><a href=\"https:\/\/agenciadenoticias.ms.gov.br\/para-reforcar-seguranca-em-58-municipios-governo-de-ms-entrega-77-viaturas-a-pm-e-policia-civil\/entrega-de-viaturas-pm-pc-foto-saul-schramm-19\/\"><img decoding=\"async\" src=\"https:\/\/agenciadenoticias.ms.gov.br\/wp-content\/uploads\/2024\/12\/Entrega-de-Viaturas-PM-PC-Foto-Saul-Schramm-19-1024x591.jpg\" alt=\"\"\/><\/a><\/figure>\n\n\n\n<p>As viaturas ser\u00e3o destinadas \u00e0 Pol\u00edcia Militar (40), Pol\u00edcia Civil (20) e Coordenadoria Geral de Per\u00edcias (17). Os recursos utilizados para a aquisi\u00e7\u00e3o desses ve\u00edculos s\u00e3o oriundos de emendas da bancada federal de MS, as quais foram direcionadas ao Minist\u00e9rio da Justi\u00e7a e Seguran\u00e7a P\u00fablica para compor o Fundo Nacional de Seguran\u00e7a P\u00fablica e retornaram ao Estado. Tamb\u00e9m ser\u00e3o investidos R$ 2,9 milh\u00f5es para aquisi\u00e7\u00e3o de UR (Unidade de Resgate) para o CBBMS (Corpo de Bombeiros de Mato Grosso do Sul).<\/p>\n\n\n\n<p>No in\u00edcio do m\u00eas, durante o lan\u00e7amento da \u201cOpera\u00e7\u00e3o Boas Festas\u201d, a Pol\u00edcia Militar recebeu 70 viaturas para rodar em toda a Capital. J\u00e1 as entregas desta segunda-feira (16\/12) v\u00e3o beneficiar a popula\u00e7\u00e3o de 58 munic\u00edpios, entre eles Campo Grande, Dourados, Tr\u00eas Lagoas, e Corumb\u00e1, com foco no municipalismo.<\/p>\n\n\n\n<figure class=\"wp-block-image\"><a href=\"https:\/\/agenciadenoticias.ms.gov.br\/para-reforcar-seguranca-em-58-municipios-governo-de-ms-entrega-77-viaturas-a-pm-e-policia-civil\/entrega-de-viaturas-pm-pc-foto-saul-schramm-14\/\"><img decoding=\"async\" src=\"https:\/\/agenciadenoticias.ms.gov.br\/wp-content\/uploads\/2024\/12\/Entrega-de-Viaturas-PM-PC-Foto-Saul-Schramm-14-1024x657.jpg\" alt=\"\"\/><\/a><\/figure>\n\n\n\n<figure class=\"wp-block-image\"><a href=\"https:\/\/agenciadenoticias.ms.gov.br\/entrega-de-viaturas-pm-pc-foto-saul-schramm-32\/\"><img decoding=\"async\" src=\"https:\/\/agenciadenoticias.ms.gov.br\/wp-content\/uploads\/2024\/12\/Entrega-de-Viaturas-PM-PC-Foto-Saul-Schramm-32-1024x622.jpg\" alt=\"\"\/><\/a><\/figure>\n\n\n\n<figure class=\"wp-block-image\"><a href=\"https:\/\/agenciadenoticias.ms.gov.br\/para-reforcar-seguranca-em-58-municipios-governo-de-ms-entrega-77-viaturas-a-pm-e-policia-civil\/entrega-de-viaturas-pm-pc-foto-saul-schramm-35\/\"><img decoding=\"async\" src=\"https:\/\/agenciadenoticias.ms.gov.br\/wp-content\/uploads\/2024\/12\/Entrega-de-Viaturas-PM-PC-Foto-Saul-Schramm-35-1024x656.jpg\" alt=\"\"\/><\/a><\/figure>\n\n\n\n<figure class=\"wp-block-image\"><a href=\"https:\/\/agenciadenoticias.ms.gov.br\/para-reforcar-seguranca-em-58-municipios-governo-de-ms-entrega-77-viaturas-a-pm-e-policia-civil\/entrega-de-viaturas-pm-pc-foto-saul-schramm-3\/\"><img decoding=\"async\" src=\"https:\/\/agenciadenoticias.ms.gov.br\/wp-content\/uploads\/2024\/12\/Entrega-de-Viaturas-PM-PC-Foto-Saul-Schramm-3-1024x609.jpg\" alt=\"\"\/><\/a><\/figure>\n\n\n\n<p>\u201cEssas viaturas v\u00e3o atender principalmente o interior. Na segunda-feira passada, o nosso governador destinou 70 viaturas para atender Campo Grande e os munic\u00edpios do entorno. Somado \u00e0s outras que n\u00f3s j\u00e1 t\u00ednhamos, ent\u00e3o s\u00e3o mais de 150 viaturas refor\u00e7ando o policiamento na Capital, onde se concentra praticamente 38% das ocorr\u00eancias do Estado. E hoje n\u00f3s estamos entregando para atender a \u00e1rea rural. O campo merece toda a aten\u00e7\u00e3o\u201d, disse o secret\u00e1rio Antonio Carlos Videira (Sejusp).<\/p>\n\n\n\n<p>Os secret\u00e1rios Rodrigo Perez (Segov) e Eduardo Rocha (Casa Civil), tamb\u00e9m participaram da entrega juntamente com a senadora Tereza Cristina e o senador Nelson Trad Filho, al\u00e9m de deputados federais e estaduais, e representantes das For\u00e7as de Seguran\u00e7a do Estado.<\/p>\n\n\n\n<figure class=\"wp-block-image\"><a href=\"https:\/\/agenciadenoticias.ms.gov.br\/entrega-de-viaturas-pm-pc-foto-saul-schramm-28\/\"><img decoding=\"async\" src=\"https:\/\/agenciadenoticias.ms.gov.br\/wp-content\/uploads\/2024\/12\/Entrega-de-Viaturas-PM-PC-Foto-Saul-Schramm-28-1024x692.jpg\" alt=\"\"\/><\/a><\/figure>\n\n\n\n<figure class=\"wp-block-image\"><a href=\"https:\/\/agenciadenoticias.ms.gov.br\/para-reforcar-seguranca-em-58-municipios-governo-de-ms-entrega-77-viaturas-a-pm-e-policia-civil\/entrega-de-viaturas-pm-pc-foto-saul-schramm-21\/\"><img decoding=\"async\" src=\"https:\/\/agenciadenoticias.ms.gov.br\/wp-content\/uploads\/2024\/12\/Entrega-de-Viaturas-PM-PC-Foto-Saul-Schramm-21-1024x723.jpg\" alt=\"\"\/><\/a><\/figure>\n\n\n\n<figure class=\"wp-block-image\"><a href=\"https:\/\/agenciadenoticias.ms.gov.br\/entrega-de-viaturas-pm-pc-foto-saul-schramm-26\/\"><img decoding=\"async\" src=\"https:\/\/agenciadenoticias.ms.gov.br\/wp-content\/uploads\/2024\/12\/Entrega-de-Viaturas-PM-PC-Foto-Saul-Schramm-26-1024x655.jpg\" alt=\"\"\/><\/a><\/figure>\n\n\n\n<p><strong>Fundo Nacional<\/strong><\/p>\n\n\n\n<p>Nos pr\u00f3ximos dois anos, Mato Grosso do Sul contar\u00e1 com mais R$ 30,3 milh\u00f5es do FNSP, para auxiliar o Governo do Estado na implementa\u00e7\u00e3o de a\u00e7\u00f5es permanentes de combate \u00e0 viol\u00eancia e ao crime organizado, de acordo com a Sejusp (Secretaria de Estado de Justi\u00e7a e Seguran\u00e7a P\u00fablica).<\/p>\n","protected":false},"excerpt":{"rendered":"<p>Para refor\u00e7ar as a\u00e7\u00f5es de seguran\u00e7a p\u00fablica em todo o Mato Grosso do Sul, o Governo do Estado entregou na<\/p>\n","protected":false},"author":1,"featured_media":8726,"comment_status":"open","ping_status":"open","sticky":false,"template":"","format":"standard","meta":{"footnotes":""},"categories":[2],"tags":[],"class_list":["post-8725","post","type-post","status-publish","format-standard","has-post-thumbnail","hentry","category-noticias"],"_links":{"self":[{"href":"https:\/\/jornaloalvorada.com.br\/site\/wp-json\/wp\/v2\/posts\/8725","targetHints":{"allow":["GET"]}}],"collection":[{"href":"https:\/\/jornaloalvorada.com.br\/site\/wp-json\/wp\/v2\/posts"}],"about":[{"href":"https:\/\/jornaloalvorada.com.br\/site\/wp-json\/wp\/v2\/types\/post"}],"author":[{"embeddable":true,"href":"https:\/\/jornaloalvorada.com.br\/site\/wp-json\/wp\/v2\/users\/1"}],"replies":[{"embeddable":true,"href":"https:\/\/jornaloalvorada.com.br\/site\/wp-json\/wp\/v2\/comments?post=8725"}],"version-history":[{"count":1,"href":"https:\/\/jornaloalvorada.com.br\/site\/wp-json\/wp\/v2\/posts\/8725\/revisions"}],"predecessor-version":[{"id":8727,"href":"https:\/\/jornaloalvorada.com.br\/site\/wp-json\/wp\/v2\/posts\/8725\/revisions\/8727"}],"wp:featuredmedia":[{"embeddable":true,"href":"https:\/\/jornaloalvorada.com.br\/site\/wp-json\/wp\/v2\/media\/8726"}],"wp:attachment":[{"href":"https:\/\/jornaloalvorada.com.br\/site\/wp-json\/wp\/v2\/media?parent=8725"}],"wp:term":[{"taxonomy":"category","embeddable":true,"href":"https:\/\/jornaloalvorada.com.br\/site\/wp-json\/wp\/v2\/categories?post=8725"},{"taxonomy":"post_tag","embeddable":true,"href":"https:\/\/jornaloalvorada.com.br\/site\/wp-json\/wp\/v2\/tags?post=8725"}],"curies":[{"name":"wp","href":"https:\/\/api.w.org\/{rel}","templated":true}]}}