{"id":8722,"date":"2024-12-17T10:39:26","date_gmt":"2024-12-17T14:39:26","guid":{"rendered":"https:\/\/jornaloalvorada.com.br\/site\/?p=8722"},"modified":"2024-12-17T10:39:29","modified_gmt":"2024-12-17T14:39:29","slug":"produtores-rurais-devem-declarar-area-plantada-de-soja-ate-o-dia-10-de-janeiro-no-site-da-iagro","status":"publish","type":"post","link":"https:\/\/jornaloalvorada.com.br\/site\/2024\/12\/17\/produtores-rurais-devem-declarar-area-plantada-de-soja-ate-o-dia-10-de-janeiro-no-site-da-iagro\/","title":{"rendered":"Produtores rurais devem declarar \u00e1rea plantada de soja at\u00e9 o dia 10 de janeiro no site da Iagro"},"content":{"rendered":"\n<p>Os produtores rurais de Mato Grosso do Sul t\u00eam at\u00e9 o dia 10 de janeiro de 2025 para declarar a \u00e1rea plantada da safra de soja 2024\/2025. De acordo com a Iagro (Ag\u00eancia Estadual de Defesa Sanit\u00e1ria Animal e Vegetal), o cadastro \u00e9 obrigat\u00f3rio e visa combater a ferrugem asi\u00e1tica, protegendo a produ\u00e7\u00e3o.<\/p>\n\n\n<div class=\"wp-block-image\">\n<figure class=\"alignright\"><a href=\"https:\/\/agenciadenoticias.ms.gov.br\/wp-content\/uploads\/2024\/12\/arte-iagro.jpeg\"><img decoding=\"async\" src=\"https:\/\/agenciadenoticias.ms.gov.br\/wp-content\/uploads\/2024\/12\/arte-iagro-300x300.jpeg\" alt=\"\" class=\"wp-image-499291\"\/><\/a><\/figure>\n<\/div>\n\n\n<p>Neste ano, segundo dados do SIGA-MS (Sistema de Informa\u00e7\u00e3o Geogr\u00e1fica do Agroneg\u00f3cio de Mato Grosso do Sul) a \u00e1rea de soja deve crescer 6,8% em rela\u00e7\u00e3o ao o ciclo anterior, atingindo 4,501 milh\u00f5es de hectares. A produtividade estimada \u00e9 de 51,7 sacas por hectare. Com isso a expectativa de produ\u00e7\u00e3o \u00e9 de 13,977 milh\u00f5es de toneladas. A perspectiva \u00e9 baseada na m\u00e9dia dos \u00faltimos 5 anos.<\/p>\n\n\n\n<p>A semeadura da soja come\u00e7ou em 16 de setembro no Mato Grosso do Sul e vai at\u00e9 31 de dezembro. O plantio segue o calend\u00e1rio fitossanit\u00e1rio que complementa o per\u00edodo de vazio sanit\u00e1rio, medida fundamental para combater a ferrugem asi\u00e1tica. Segundo o diretor-presidente da Iagro, Daniel Ingold, a doen\u00e7a \u00e9 considerada uma das mais graves para a cultura da soja, podendo causar perdas de at\u00e9 90% na produ\u00e7\u00e3o. &#8220;Por isso o registro \u00e9 obrigat\u00f3rio e deve ser realizado pelo site da Ag\u00eancia Estadual de Defesa Sanit\u00e1ria Animal e Vegetal (Iagro), sem custos para os agricultores&#8221;, enfatizou.<\/p>\n\n\n\n<figure class=\"wp-block-image\" id=\"attachment_444450\"><a href=\"https:\/\/agenciadenoticias.ms.gov.br\/wp-content\/uploads\/2023\/07\/Colheita-de-soja-Foto-Alvaro-Rezende-3-scaled.jpg\"><img decoding=\"async\" src=\"https:\/\/agenciadenoticias.ms.gov.br\/wp-content\/uploads\/2023\/07\/Colheita-de-soja-Foto-Alvaro-Rezende-3-1024x680.jpg\" alt=\"\" class=\"wp-image-444450\"\/><\/a><figcaption class=\"wp-element-caption\"><em>Cadastro \u00e9 obrigat\u00f3rio e visa combater a ferrugem asi\u00e1tica<\/em><\/figcaption><\/figure>\n\n\n\n<p>O link para declara\u00e7\u00e3o: <a href=\"https:\/\/www.servicos.iagro.ms.gov.br\/plantio\">https:\/\/www.servicos.iagro.ms.gov.br\/plantio&nbsp;<\/a><\/p>\n\n\n\n<p><em>Rosana Siqueira, da Semadesc<br><\/em><em>Fotos: \u00c1lvaro Rezende<\/em><\/p>\n","protected":false},"excerpt":{"rendered":"<p>Os produtores rurais de Mato Grosso do Sul t\u00eam at\u00e9 o dia 10 de janeiro de 2025 para declarar a<\/p>\n","protected":false},"author":1,"featured_media":8723,"comment_status":"open","ping_status":"open","sticky":false,"template":"","format":"standard","meta":{"footnotes":""},"categories":[2],"tags":[],"class_list":["post-8722","post","type-post","status-publish","format-standard","has-post-thumbnail","hentry","category-noticias"],"_links":{"self":[{"href":"https:\/\/jornaloalvorada.com.br\/site\/wp-json\/wp\/v2\/posts\/8722","targetHints":{"allow":["GET"]}}],"collection":[{"href":"https:\/\/jornaloalvorada.com.br\/site\/wp-json\/wp\/v2\/posts"}],"about":[{"href":"https:\/\/jornaloalvorada.com.br\/site\/wp-json\/wp\/v2\/types\/post"}],"author":[{"embeddable":true,"href":"https:\/\/jornaloalvorada.com.br\/site\/wp-json\/wp\/v2\/users\/1"}],"replies":[{"embeddable":true,"href":"https:\/\/jornaloalvorada.com.br\/site\/wp-json\/wp\/v2\/comments?post=8722"}],"version-history":[{"count":1,"href":"https:\/\/jornaloalvorada.com.br\/site\/wp-json\/wp\/v2\/posts\/8722\/revisions"}],"predecessor-version":[{"id":8724,"href":"https:\/\/jornaloalvorada.com.br\/site\/wp-json\/wp\/v2\/posts\/8722\/revisions\/8724"}],"wp:featuredmedia":[{"embeddable":true,"href":"https:\/\/jornaloalvorada.com.br\/site\/wp-json\/wp\/v2\/media\/8723"}],"wp:attachment":[{"href":"https:\/\/jornaloalvorada.com.br\/site\/wp-json\/wp\/v2\/media?parent=8722"}],"wp:term":[{"taxonomy":"category","embeddable":true,"href":"https:\/\/jornaloalvorada.com.br\/site\/wp-json\/wp\/v2\/categories?post=8722"},{"taxonomy":"post_tag","embeddable":true,"href":"https:\/\/jornaloalvorada.com.br\/site\/wp-json\/wp\/v2\/tags?post=8722"}],"curies":[{"name":"wp","href":"https:\/\/api.w.org\/{rel}","templated":true}]}}