{"id":8717,"date":"2024-12-16T16:09:22","date_gmt":"2024-12-16T20:09:22","guid":{"rendered":"https:\/\/jornaloalvorada.com.br\/site\/?p=8717"},"modified":"2024-12-16T16:09:24","modified_gmt":"2024-12-16T20:09:24","slug":"dof-pega-comboio-com-14-carros-cheios-de-contrabando-em-nova-alvorada-do-sul-video","status":"publish","type":"post","link":"https:\/\/jornaloalvorada.com.br\/site\/2024\/12\/16\/dof-pega-comboio-com-14-carros-cheios-de-contrabando-em-nova-alvorada-do-sul-video\/","title":{"rendered":"DOF pega comboio com 14 carros cheios de contrabando em Nova Alvorada do Sul (v\u00eddeo)"},"content":{"rendered":"\n<p>Em uma opera\u00e7\u00e3o realizada neste s\u00e1bado (14), em Nova Alvorada do Sul, policiais militares do Departamento de Opera\u00e7\u00f5es de Fronteira (DOF) interceptaram um comboio com 14 ve\u00edculos carregados com mercadorias ilegais, avaliadas em R$ 1,1 milh\u00e3o. Na a\u00e7\u00e3o, 14 homens foram detidos.<\/p>\n\n\n\n<p>A apreens\u00e3o ocorreu durante um bloqueio na BR-267, na zona rural do munic\u00edpio. Durante as abordagens, foram encontrados diversos produtos de origem estrangeira, incluindo cigarros, aparelhos de celular, pneus, roupas, eletr\u00f4nicos, cigarros eletr\u00f4nicos e componentes de inform\u00e1tica. Os motoristas informaram que os materiais foram carregados em Pedro Juan Caballero, no Paraguai, e tinham como destino diversas cidades do Estado de S\u00e3o Paulo.<\/p>\n\n\n\n<p>A opera\u00e7\u00e3o faz parte do Programa Protetor das Fronteiras e Divisas, uma a\u00e7\u00e3o do Governo do Estado em parceria com o Minist\u00e9rio da Justi\u00e7a e Seguran\u00e7a P\u00fablica (MJSP). Os materiais apreendidos foram encaminhados \u00e0 Receita Federal de Ponta Por\u00e3.<\/p>\n\n\n\n<p>O DOF disponibiliza um canal para den\u00fancias an\u00f4nimas atrav\u00e9s do n\u00famero 0800 647-6300, com atendimento 24 horas e sigilo garantido.<\/p>\n\n\n\n<iframe loading=\"lazy\" src=\"https:\/\/www.facebook.com\/plugins\/video.php?height=317&#038;href=https%3A%2F%2Fwww.facebook.com%2FAlvoradaInforma%2Fvideos%2F2058602201242189%2F&#038;show_text=false&#038;width=560&#038;t=0\" width=\"560\" height=\"317\" style=\"border:none;overflow:hidden\" scrolling=\"no\" frameborder=\"0\" allowfullscreen=\"true\" allow=\"autoplay; clipboard-write; encrypted-media; picture-in-picture; web-share\" allowFullScreen=\"true\"><\/iframe>\n\n\n\n<p><strong><em>Fonte: Alvorada Informa<\/em><\/strong><\/p>\n","protected":false},"excerpt":{"rendered":"<p>Em uma opera\u00e7\u00e3o realizada neste s\u00e1bado (14), em Nova Alvorada do Sul, policiais militares do Departamento de Opera\u00e7\u00f5es de Fronteira<\/p>\n","protected":false},"author":1,"featured_media":8718,"comment_status":"open","ping_status":"open","sticky":false,"template":"","format":"standard","meta":{"footnotes":""},"categories":[2],"tags":[],"class_list":["post-8717","post","type-post","status-publish","format-standard","has-post-thumbnail","hentry","category-noticias"],"_links":{"self":[{"href":"https:\/\/jornaloalvorada.com.br\/site\/wp-json\/wp\/v2\/posts\/8717","targetHints":{"allow":["GET"]}}],"collection":[{"href":"https:\/\/jornaloalvorada.com.br\/site\/wp-json\/wp\/v2\/posts"}],"about":[{"href":"https:\/\/jornaloalvorada.com.br\/site\/wp-json\/wp\/v2\/types\/post"}],"author":[{"embeddable":true,"href":"https:\/\/jornaloalvorada.com.br\/site\/wp-json\/wp\/v2\/users\/1"}],"replies":[{"embeddable":true,"href":"https:\/\/jornaloalvorada.com.br\/site\/wp-json\/wp\/v2\/comments?post=8717"}],"version-history":[{"count":1,"href":"https:\/\/jornaloalvorada.com.br\/site\/wp-json\/wp\/v2\/posts\/8717\/revisions"}],"predecessor-version":[{"id":8719,"href":"https:\/\/jornaloalvorada.com.br\/site\/wp-json\/wp\/v2\/posts\/8717\/revisions\/8719"}],"wp:featuredmedia":[{"embeddable":true,"href":"https:\/\/jornaloalvorada.com.br\/site\/wp-json\/wp\/v2\/media\/8718"}],"wp:attachment":[{"href":"https:\/\/jornaloalvorada.com.br\/site\/wp-json\/wp\/v2\/media?parent=8717"}],"wp:term":[{"taxonomy":"category","embeddable":true,"href":"https:\/\/jornaloalvorada.com.br\/site\/wp-json\/wp\/v2\/categories?post=8717"},{"taxonomy":"post_tag","embeddable":true,"href":"https:\/\/jornaloalvorada.com.br\/site\/wp-json\/wp\/v2\/tags?post=8717"}],"curies":[{"name":"wp","href":"https:\/\/api.w.org\/{rel}","templated":true}]}}