{"id":8696,"date":"2024-12-13T17:17:58","date_gmt":"2024-12-13T21:17:58","guid":{"rendered":"https:\/\/jornaloalvorada.com.br\/site\/?p=8696"},"modified":"2024-12-13T17:18:01","modified_gmt":"2024-12-13T21:18:01","slug":"1a-conferencia-municipal-de-meio-ambiente-de-nova-alvorada-do-sul-ms","status":"publish","type":"post","link":"https:\/\/jornaloalvorada.com.br\/site\/2024\/12\/13\/1a-conferencia-municipal-de-meio-ambiente-de-nova-alvorada-do-sul-ms\/","title":{"rendered":"1\u00aa Confer\u00eancia Municipal de Meio Ambiente de Nova Alvorada do Sul &#8211; MS"},"content":{"rendered":"\n<p>Com o tema \u201cEmerg\u00eancia Clim\u00e1tica \u2013 O Desafio da Transforma\u00e7\u00e3o Ecol\u00f3gica\u201d, a 1\u00aa Confer\u00eancia Municipal do Meio Ambiente, est\u00e1 sendo um marco na agenda ambiental do munic\u00edpio.<\/p>\n\n\n\n<p>O evento, este sendo realizado hoje, no Centro de Conviv\u00eancia do Idoso, das 8h \u00e0s 16h, reunindo especialistas, gestores p\u00fablicos, organiza\u00e7\u00f5es da sociedade civil e cidad\u00e3os para debater caminhos e solu\u00e7\u00f5es diante da crise clim\u00e1tica vivenciada nos \u00faltimos tempos.<\/p>\n\n\n\n<iframe loading=\"lazy\" src=\"https:\/\/www.facebook.com\/plugins\/video.php?height=476&#038;href=https%3A%2F%2Fwww.facebook.com%2Fjppaleari%2Fvideos%2F2940133542809625%2F&#038;show_text=false&#038;width=267&#038;t=0\" width=\"267\" height=\"476\" style=\"border:none;overflow:hidden\" scrolling=\"no\" frameborder=\"0\" allowfullscreen=\"true\" allow=\"autoplay; clipboard-write; encrypted-media; picture-in-picture; web-share\" allowFullScreen=\"true\"><\/iframe>\n","protected":false},"excerpt":{"rendered":"<p>Com o tema \u201cEmerg\u00eancia Clim\u00e1tica \u2013 O Desafio da Transforma\u00e7\u00e3o Ecol\u00f3gica\u201d, a 1\u00aa Confer\u00eancia Municipal do Meio Ambiente, est\u00e1 sendo<\/p>\n","protected":false},"author":1,"featured_media":8697,"comment_status":"open","ping_status":"open","sticky":false,"template":"","format":"standard","meta":{"footnotes":""},"categories":[2],"tags":[],"class_list":["post-8696","post","type-post","status-publish","format-standard","has-post-thumbnail","hentry","category-noticias"],"_links":{"self":[{"href":"https:\/\/jornaloalvorada.com.br\/site\/wp-json\/wp\/v2\/posts\/8696","targetHints":{"allow":["GET"]}}],"collection":[{"href":"https:\/\/jornaloalvorada.com.br\/site\/wp-json\/wp\/v2\/posts"}],"about":[{"href":"https:\/\/jornaloalvorada.com.br\/site\/wp-json\/wp\/v2\/types\/post"}],"author":[{"embeddable":true,"href":"https:\/\/jornaloalvorada.com.br\/site\/wp-json\/wp\/v2\/users\/1"}],"replies":[{"embeddable":true,"href":"https:\/\/jornaloalvorada.com.br\/site\/wp-json\/wp\/v2\/comments?post=8696"}],"version-history":[{"count":1,"href":"https:\/\/jornaloalvorada.com.br\/site\/wp-json\/wp\/v2\/posts\/8696\/revisions"}],"predecessor-version":[{"id":8698,"href":"https:\/\/jornaloalvorada.com.br\/site\/wp-json\/wp\/v2\/posts\/8696\/revisions\/8698"}],"wp:featuredmedia":[{"embeddable":true,"href":"https:\/\/jornaloalvorada.com.br\/site\/wp-json\/wp\/v2\/media\/8697"}],"wp:attachment":[{"href":"https:\/\/jornaloalvorada.com.br\/site\/wp-json\/wp\/v2\/media?parent=8696"}],"wp:term":[{"taxonomy":"category","embeddable":true,"href":"https:\/\/jornaloalvorada.com.br\/site\/wp-json\/wp\/v2\/categories?post=8696"},{"taxonomy":"post_tag","embeddable":true,"href":"https:\/\/jornaloalvorada.com.br\/site\/wp-json\/wp\/v2\/tags?post=8696"}],"curies":[{"name":"wp","href":"https:\/\/api.w.org\/{rel}","templated":true}]}}