{"id":8690,"date":"2024-12-13T17:08:48","date_gmt":"2024-12-13T21:08:48","guid":{"rendered":"https:\/\/jornaloalvorada.com.br\/site\/?p=8690"},"modified":"2024-12-13T17:08:50","modified_gmt":"2024-12-13T21:08:50","slug":"brasileiros-pretendem-gastar-mais-com-viagens-no-fim-do-ano","status":"publish","type":"post","link":"https:\/\/jornaloalvorada.com.br\/site\/2024\/12\/13\/brasileiros-pretendem-gastar-mais-com-viagens-no-fim-do-ano\/","title":{"rendered":"Brasileiros pretendem gastar mais com viagens no fim do ano"},"content":{"rendered":"\n<p>De cada dez brasileiros, seis devem gastar mais com viagens neste fim de ano do que em 2023, \u00e9 o que aponta uma pesquisa divulgada nesta sexta-feira (13) pelo Instituto Locomotiva. Segundo o levantamento, 58% dos entrevistados responderam que pretendem gastar mais. As cidades com praias s\u00e3o os destinos mais citados entre quem pretende viajar.<img decoding=\"async\" src=\"https:\/\/agenciabrasil.ebc.com.br\/ebc.png?id=1623675&amp;o=node\"><img decoding=\"async\" src=\"https:\/\/agenciabrasil.ebc.com.br\/ebc.gif?id=1623675&amp;o=node\"><\/p>\n\n\n\n<p>O estudo, que ouviu 1.461 pessoas entre 2 e 4 de dezembro, aponta que metade (52%) dos entrevistados pretende viajar; 29% gastar o mesmo que no \u00faltimo ano e 13% querem gastar menos.<\/p>\n\n\n\n<p>De acordo com o presidente do Instituto Locomotiva, Renato Meirelles, os jovens s\u00e3o os que mais desejam passar o fim de ano em outra cidade, com 58% afirmando querer estar longe de casa.<\/p>\n\n\n\n<p>\u201cOs dados demonstram que os brasileiros est\u00e3o conseguindo investir mais nas viagens de f\u00e9rias este ano. Claro que as classes mais altas t\u00eam mais f\u00f4lego, mas as classes C e D tamb\u00e9m querem curtir as festas de fim de ano longe de casa, principalmente o p\u00fablico mais jovem\u201d, disse.<\/p>\n\n\n\n<p>A pretens\u00e3o de passar o fim do ano em outra cidade tamb\u00e9m \u00e9 maior entre as classes A e B (63%). Entre a classe C, 48% apontaram ter inten\u00e7\u00e3o de viajar no fim do ano. J\u00e1 entre as classes D e E, 45% pretendem passar as festas de fim de ano em outra cidade.<\/p>\n\n\n\n<p>Ainda de acordo com a pesquisa, 57% dos entrevistados dizem buscar cidades com praia para o fim de ano, e 18% querem viajar para cidades grandes fora do litoral. J\u00e1 16% revelam preferir cidades menores e pouco agitadas para descansar neste per\u00edodo.<\/p>\n\n\n\n<p>Em rela\u00e7\u00e3o aos locais de hospedagem, 49% disseram que hot\u00e9is ou pousadas s\u00e3o a op\u00e7\u00e3o; 24% pretendem alugar casa ou apartamento; 16% devem se hospedar em casa\/apartamento pr\u00f3prio ou emprestado; 4% querem acampar; e 2% devem ficar em hostel ou albergues.<\/p>\n\n\n\n<p><strong><em>Fonte: Ag\u00eancia Brasil<\/em><\/strong><\/p>\n","protected":false},"excerpt":{"rendered":"<p>De cada dez brasileiros, seis devem gastar mais com viagens neste fim de ano do que em 2023, \u00e9 o<\/p>\n","protected":false},"author":1,"featured_media":8691,"comment_status":"open","ping_status":"open","sticky":false,"template":"","format":"standard","meta":{"footnotes":""},"categories":[2],"tags":[],"class_list":["post-8690","post","type-post","status-publish","format-standard","has-post-thumbnail","hentry","category-noticias"],"_links":{"self":[{"href":"https:\/\/jornaloalvorada.com.br\/site\/wp-json\/wp\/v2\/posts\/8690","targetHints":{"allow":["GET"]}}],"collection":[{"href":"https:\/\/jornaloalvorada.com.br\/site\/wp-json\/wp\/v2\/posts"}],"about":[{"href":"https:\/\/jornaloalvorada.com.br\/site\/wp-json\/wp\/v2\/types\/post"}],"author":[{"embeddable":true,"href":"https:\/\/jornaloalvorada.com.br\/site\/wp-json\/wp\/v2\/users\/1"}],"replies":[{"embeddable":true,"href":"https:\/\/jornaloalvorada.com.br\/site\/wp-json\/wp\/v2\/comments?post=8690"}],"version-history":[{"count":1,"href":"https:\/\/jornaloalvorada.com.br\/site\/wp-json\/wp\/v2\/posts\/8690\/revisions"}],"predecessor-version":[{"id":8692,"href":"https:\/\/jornaloalvorada.com.br\/site\/wp-json\/wp\/v2\/posts\/8690\/revisions\/8692"}],"wp:featuredmedia":[{"embeddable":true,"href":"https:\/\/jornaloalvorada.com.br\/site\/wp-json\/wp\/v2\/media\/8691"}],"wp:attachment":[{"href":"https:\/\/jornaloalvorada.com.br\/site\/wp-json\/wp\/v2\/media?parent=8690"}],"wp:term":[{"taxonomy":"category","embeddable":true,"href":"https:\/\/jornaloalvorada.com.br\/site\/wp-json\/wp\/v2\/categories?post=8690"},{"taxonomy":"post_tag","embeddable":true,"href":"https:\/\/jornaloalvorada.com.br\/site\/wp-json\/wp\/v2\/tags?post=8690"}],"curies":[{"name":"wp","href":"https:\/\/api.w.org\/{rel}","templated":true}]}}