{"id":869,"date":"2023-03-27T13:53:01","date_gmt":"2023-03-27T17:53:01","guid":{"rendered":"https:\/\/jornaloalvorada.com.br\/site\/?p=869"},"modified":"2023-03-27T13:53:03","modified_gmt":"2023-03-27T17:53:03","slug":"lula-sofre-rejeicao-de-90-em-fala-sobre-armacao-em-plano-contra-moro","status":"publish","type":"post","link":"https:\/\/jornaloalvorada.com.br\/site\/2023\/03\/27\/lula-sofre-rejeicao-de-90-em-fala-sobre-armacao-em-plano-contra-moro\/","title":{"rendered":"Lula sofre rejei\u00e7\u00e3o de 90% em fala sobre \u2018arma\u00e7\u00e3o\u2019 em plano contra Moro"},"content":{"rendered":"\n<p>A declara\u00e7\u00e3o do presidente Lula sobre a <strong>opera\u00e7\u00e3o da Pol\u00edcia Federal<\/strong>\u00a0que prendeu nove integrantes da fac\u00e7\u00e3o criminosa Primeiro Comando da Capital (PCC) pelo plano de assassinar o senador Sergio Moro (Uni\u00e3o-PR) e outras autoridades repercutiu mal nas redes sociais.\u00a0<strong>Lula disse que a opera\u00e7\u00e3o foi uma \u201carma\u00e7\u00e3o de Moro\u201d<\/strong>.<\/p>\n\n\n\n<p>Dados do Monitor Genial\/Quaest mostram que 93% das rea\u00e7\u00f5es a essa fala de Lula no Twitter\u00a0foram negativas. O Monitor Genial\/Quaest \u00e9 um monitoramento digital realizado em redes sociais pela Quaest, em parceria com a Genial Investimentos. Essa pesquisa levou em considera\u00e7\u00e3o as 812 mil men\u00e7\u00f5es relacionadas \u00e0 pol\u00eamica entre Lula e Moro no per\u00edodo de meia-noite do dia 21 de mar\u00e7o at\u00e9 16h30 do dia 24 de mar\u00e7o.<\/p>\n\n\n\n<p>Antes disso, por\u00e9m, Lula j\u00e1 vinha sendo criticado por ter expressado desejo de vingan\u00e7a contra Moro, que foi juiz da Lava Jato e condenou o presidente \u00e0 pris\u00e3o. A senten\u00e7a do ex-juiz foi mantida pelo Tribunal Regional Federal da 4\u00aa Regi\u00e3o e pelo Superior Tribunal de Justi\u00e7a. Mesmo assim, em uma entrevista na segunda-feira 13, Lula disse que, em todas as visitas que recebia, as autoridades lhe perguntavam se estava bem e ele dava a mesma resposta: \u201cS\u00f3 vai ficar bem quando eu foder com o Moro\u201d.-Publicidade-blob:https:\/\/terrabrasilnoticias.com\/80e65ead-4ba3-4bfb-90c9-094793df798e<\/p>\n\n\n\n<p>Essa fala gerou mais de 358 mil men\u00e7\u00f5es nas redes, sendo que menos de 10% foram em defesa de Lula. Muitos cr\u00edticos defenderam o&nbsp;<em>impeachment<\/em>&nbsp;de Lula,&nbsp; em raz\u00e3o de um poss\u00edvel crime de responsabilidade. Esse discurso foi protagonizado pela oposi\u00e7\u00e3o e serviu de justificativa para&nbsp;<strong>o deputado Bibo Nunes (PL-RS) abrir um pedido de&nbsp;<em>impeachment<\/em>&nbsp;contra o presidente<\/strong>.<\/p>\n\n\n\n<p>Com essas declara\u00e7\u00f5es, as men\u00e7\u00f5es positivas do presidente nas redes sociais, que ficavam em uma m\u00e9dia de 53% desde o come\u00e7o do mandato, n\u00e3o chegaram a 20%, pior \u00edndice da s\u00e9rie hist\u00f3rica, segundo o Monitor Genial\/Quaest.<\/p>\n\n\n\n<p><strong><em>Fonte: Terra Brasil Not\u00edcias<\/em><\/strong><\/p>\n","protected":false},"excerpt":{"rendered":"<p>A declara\u00e7\u00e3o do presidente Lula sobre a opera\u00e7\u00e3o da Pol\u00edcia Federal\u00a0que prendeu nove integrantes da fac\u00e7\u00e3o criminosa Primeiro Comando da<\/p>\n","protected":false},"author":1,"featured_media":870,"comment_status":"open","ping_status":"open","sticky":false,"template":"","format":"standard","meta":{"footnotes":""},"categories":[2],"tags":[],"class_list":["post-869","post","type-post","status-publish","format-standard","has-post-thumbnail","hentry","category-noticias"],"_links":{"self":[{"href":"https:\/\/jornaloalvorada.com.br\/site\/wp-json\/wp\/v2\/posts\/869","targetHints":{"allow":["GET"]}}],"collection":[{"href":"https:\/\/jornaloalvorada.com.br\/site\/wp-json\/wp\/v2\/posts"}],"about":[{"href":"https:\/\/jornaloalvorada.com.br\/site\/wp-json\/wp\/v2\/types\/post"}],"author":[{"embeddable":true,"href":"https:\/\/jornaloalvorada.com.br\/site\/wp-json\/wp\/v2\/users\/1"}],"replies":[{"embeddable":true,"href":"https:\/\/jornaloalvorada.com.br\/site\/wp-json\/wp\/v2\/comments?post=869"}],"version-history":[{"count":1,"href":"https:\/\/jornaloalvorada.com.br\/site\/wp-json\/wp\/v2\/posts\/869\/revisions"}],"predecessor-version":[{"id":871,"href":"https:\/\/jornaloalvorada.com.br\/site\/wp-json\/wp\/v2\/posts\/869\/revisions\/871"}],"wp:featuredmedia":[{"embeddable":true,"href":"https:\/\/jornaloalvorada.com.br\/site\/wp-json\/wp\/v2\/media\/870"}],"wp:attachment":[{"href":"https:\/\/jornaloalvorada.com.br\/site\/wp-json\/wp\/v2\/media?parent=869"}],"wp:term":[{"taxonomy":"category","embeddable":true,"href":"https:\/\/jornaloalvorada.com.br\/site\/wp-json\/wp\/v2\/categories?post=869"},{"taxonomy":"post_tag","embeddable":true,"href":"https:\/\/jornaloalvorada.com.br\/site\/wp-json\/wp\/v2\/tags?post=869"}],"curies":[{"name":"wp","href":"https:\/\/api.w.org\/{rel}","templated":true}]}}