{"id":8684,"date":"2024-12-13T16:56:25","date_gmt":"2024-12-13T20:56:25","guid":{"rendered":"https:\/\/jornaloalvorada.com.br\/site\/?p=8684"},"modified":"2024-12-13T16:56:27","modified_gmt":"2024-12-13T20:56:27","slug":"prefeito-jose-paulo-paleari-e-vice-valdemar-rocha-sao-diplomados-em-nova-alvorada-do-sul","status":"publish","type":"post","link":"https:\/\/jornaloalvorada.com.br\/site\/2024\/12\/13\/prefeito-jose-paulo-paleari-e-vice-valdemar-rocha-sao-diplomados-em-nova-alvorada-do-sul\/","title":{"rendered":"Prefeito Jos\u00e9 Paulo Paleari e vice Valdemar Rocha s\u00e3o diplomados em Nova Alvorada do Sul"},"content":{"rendered":"\n<p>Hoje \u00e9 um dia hist\u00f3rico e emocionante para mim e para toda Nova Alvorada do Sul! Junto ao prefeito Jos\u00e9 Paulo Paleari, fui diplomado pela Justi\u00e7a Eleitoral como vice-prefeito de nossa querida cidade.<\/p>\n\n\n\n<p>Agrade\u00e7o de cora\u00e7\u00e3o a toda a popula\u00e7\u00e3o de Nova Alvorada do Sul por confiar em n\u00f3s e nos permitir viver esse momento. \u00c9 com muita honra e responsabilidade que reafirmo nosso compromisso de trabalhar incansavelmente pelo desenvolvimento e bem-estar de cada morador.<\/p>\n\n\n\n<p>Vamos juntos construir uma cidade ainda mais pr\u00f3spera, com mais oportunidades, qualidade de vida e uni\u00e3o. O futuro de Nova Alvorada do Sul ser\u00e1 brilhante, e eu estou pronto para dar o meu melhor.<\/p>\n","protected":false},"excerpt":{"rendered":"<p>Hoje \u00e9 um dia hist\u00f3rico e emocionante para mim e para toda Nova Alvorada do Sul! Junto ao prefeito Jos\u00e9<\/p>\n","protected":false},"author":1,"featured_media":8685,"comment_status":"open","ping_status":"open","sticky":false,"template":"","format":"standard","meta":{"footnotes":""},"categories":[2],"tags":[],"class_list":["post-8684","post","type-post","status-publish","format-standard","has-post-thumbnail","hentry","category-noticias"],"_links":{"self":[{"href":"https:\/\/jornaloalvorada.com.br\/site\/wp-json\/wp\/v2\/posts\/8684","targetHints":{"allow":["GET"]}}],"collection":[{"href":"https:\/\/jornaloalvorada.com.br\/site\/wp-json\/wp\/v2\/posts"}],"about":[{"href":"https:\/\/jornaloalvorada.com.br\/site\/wp-json\/wp\/v2\/types\/post"}],"author":[{"embeddable":true,"href":"https:\/\/jornaloalvorada.com.br\/site\/wp-json\/wp\/v2\/users\/1"}],"replies":[{"embeddable":true,"href":"https:\/\/jornaloalvorada.com.br\/site\/wp-json\/wp\/v2\/comments?post=8684"}],"version-history":[{"count":1,"href":"https:\/\/jornaloalvorada.com.br\/site\/wp-json\/wp\/v2\/posts\/8684\/revisions"}],"predecessor-version":[{"id":8686,"href":"https:\/\/jornaloalvorada.com.br\/site\/wp-json\/wp\/v2\/posts\/8684\/revisions\/8686"}],"wp:featuredmedia":[{"embeddable":true,"href":"https:\/\/jornaloalvorada.com.br\/site\/wp-json\/wp\/v2\/media\/8685"}],"wp:attachment":[{"href":"https:\/\/jornaloalvorada.com.br\/site\/wp-json\/wp\/v2\/media?parent=8684"}],"wp:term":[{"taxonomy":"category","embeddable":true,"href":"https:\/\/jornaloalvorada.com.br\/site\/wp-json\/wp\/v2\/categories?post=8684"},{"taxonomy":"post_tag","embeddable":true,"href":"https:\/\/jornaloalvorada.com.br\/site\/wp-json\/wp\/v2\/tags?post=8684"}],"curies":[{"name":"wp","href":"https:\/\/api.w.org\/{rel}","templated":true}]}}