{"id":866,"date":"2023-03-27T13:50:10","date_gmt":"2023-03-27T17:50:10","guid":{"rendered":"https:\/\/jornaloalvorada.com.br\/site\/?p=866"},"modified":"2023-03-27T13:50:35","modified_gmt":"2023-03-27T17:50:35","slug":"pm-consegue-expulsar-membros-do-mst-de-fazenda-em-goias","status":"publish","type":"post","link":"https:\/\/jornaloalvorada.com.br\/site\/2023\/03\/27\/pm-consegue-expulsar-membros-do-mst-de-fazenda-em-goias\/","title":{"rendered":"PM consegue expulsar membros do MST de fazenda em Goi\u00e1s"},"content":{"rendered":"\n<p>Depois de uma a\u00e7\u00e3o da Pol\u00edcia Militar, as cerca de 600 fam\u00edlias do Movimento dos Trabalhadores Rurais Sem Terra (MST) que invadiram a Fazenda S\u00e3o Lukas, propriedade da Uni\u00e3o, sa\u00edram da \u00e1rea, localizada no munic\u00edpio de Hidrol\u00e2ndia, a 35 quil\u00f4metros de Goi\u00e2nia (GO), no domingo 26.<\/p>\n\n\n\n<p><strong>A invas\u00e3o ocorreu no s\u00e1bado 25<\/strong>. Segundo a Pol\u00edcia Militar (SPU) de Goi\u00e1s, houve di\u00e1logo e negocia\u00e7\u00e3o com \u201cos l\u00edderes do movimento e seus advogados\u201d, e a sa\u00edda dos sem-terra foi volunt\u00e1ria.<\/p>\n\n\n\n<p>Depois da sa\u00edda dos invasores, a Superintend\u00eancia de Patrim\u00f4nio da Uni\u00e3o de Goi\u00e1s, \u00f3rg\u00e3o vinculado ao Minist\u00e9rio da Economia, afirmou que deu in\u00edcio \u00e0s tratativas com o bra\u00e7o estadual do Instituto Nacional de Coloniza\u00e7\u00e3o e Reforma Agr\u00e1ria (Incra) para incluir a antiga Fazenda S\u00e3o Lukas nos programas de reforma agr\u00e1ria.-Publicidade-blob:https:\/\/terrabrasilnoticias.com\/fd3ae8f7-a91c-4d54-aaf4-c6ce7b3af9cc<\/p>\n\n\n\n<p>A antiga Fazenda S\u00e3o Lukas se tornou propriedade federal em 2019. De acordo com a Superintend\u00eancia de Patrim\u00f4nio da Uni\u00e3o (SPU), o im\u00f3vel tem quase 680 mil metros quadrados. A fazenda antes pertencia ao su\u00ed\u00e7o Pietro Chiesa, condenado por organizar, junto de outras nove pessoas, um esquema de tr\u00e1fico internacional de mulheres e meninas para prostitui\u00e7\u00e3o. O esquema, descoberto pelas autoridades em 2002, usava a fazenda como rota. O im\u00f3vel foi arrestado pela Uni\u00e3o, junto com demais bens do patrim\u00f4nio de Chiesa e de outros condenados.&nbsp;<\/p>\n\n\n\n<p>Segundo o jornal\u00a0<em>O Estado de S. Paulo<\/em>, a SPU de Goi\u00e1s tamb\u00e9m afirmou que possui um Acordo de Coopera\u00e7\u00e3o T\u00e9cnica com o munic\u00edpio de Hidrol\u00e2ndia, para regularizar a propriedade da fazenda e planejar um novo destino para a propriedade.<\/p>\n\n\n\n<p><strong><em>Fonte: Terra Brasil Not\u00edcias<\/em><\/strong><\/p>\n","protected":false},"excerpt":{"rendered":"<p>Depois de uma a\u00e7\u00e3o da Pol\u00edcia Militar, as cerca de 600 fam\u00edlias do Movimento dos Trabalhadores Rurais Sem Terra (MST)<\/p>\n","protected":false},"author":1,"featured_media":867,"comment_status":"open","ping_status":"open","sticky":false,"template":"","format":"standard","meta":{"footnotes":""},"categories":[2],"tags":[],"class_list":["post-866","post","type-post","status-publish","format-standard","has-post-thumbnail","hentry","category-noticias"],"_links":{"self":[{"href":"https:\/\/jornaloalvorada.com.br\/site\/wp-json\/wp\/v2\/posts\/866","targetHints":{"allow":["GET"]}}],"collection":[{"href":"https:\/\/jornaloalvorada.com.br\/site\/wp-json\/wp\/v2\/posts"}],"about":[{"href":"https:\/\/jornaloalvorada.com.br\/site\/wp-json\/wp\/v2\/types\/post"}],"author":[{"embeddable":true,"href":"https:\/\/jornaloalvorada.com.br\/site\/wp-json\/wp\/v2\/users\/1"}],"replies":[{"embeddable":true,"href":"https:\/\/jornaloalvorada.com.br\/site\/wp-json\/wp\/v2\/comments?post=866"}],"version-history":[{"count":1,"href":"https:\/\/jornaloalvorada.com.br\/site\/wp-json\/wp\/v2\/posts\/866\/revisions"}],"predecessor-version":[{"id":868,"href":"https:\/\/jornaloalvorada.com.br\/site\/wp-json\/wp\/v2\/posts\/866\/revisions\/868"}],"wp:featuredmedia":[{"embeddable":true,"href":"https:\/\/jornaloalvorada.com.br\/site\/wp-json\/wp\/v2\/media\/867"}],"wp:attachment":[{"href":"https:\/\/jornaloalvorada.com.br\/site\/wp-json\/wp\/v2\/media?parent=866"}],"wp:term":[{"taxonomy":"category","embeddable":true,"href":"https:\/\/jornaloalvorada.com.br\/site\/wp-json\/wp\/v2\/categories?post=866"},{"taxonomy":"post_tag","embeddable":true,"href":"https:\/\/jornaloalvorada.com.br\/site\/wp-json\/wp\/v2\/tags?post=866"}],"curies":[{"name":"wp","href":"https:\/\/api.w.org\/{rel}","templated":true}]}}