{"id":8614,"date":"2024-12-09T13:44:50","date_gmt":"2024-12-09T17:44:50","guid":{"rendered":"https:\/\/jornaloalvorada.com.br\/site\/?p=8614"},"modified":"2024-12-09T13:45:00","modified_gmt":"2024-12-09T17:45:00","slug":"dia-9-e-dia-de-feriado-confira-a-lista-dos-que-terao-folga","status":"publish","type":"post","link":"https:\/\/jornaloalvorada.com.br\/site\/2024\/12\/09\/dia-9-e-dia-de-feriado-confira-a-lista-dos-que-terao-folga\/","title":{"rendered":"Dia 9 \u00e9 dia de feriado! Confira a lista dos que ter\u00e3o folga"},"content":{"rendered":"\n<p>Os feriados municipais no Brasil s\u00e3o fundamentais para a valoriza\u00e7\u00e3o e manuten\u00e7\u00e3o das tradi\u00e7\u00f5es espec\u00edficas de cada cidade. Eles oferecem momentos de interrup\u00e7\u00e3o nas rotinas cotidianas, permitindo que as comunidades celebrem sua hist\u00f3ria e heran\u00e7a cultural. Al\u00e9m disso, s\u00e3o essenciais para a organiza\u00e7\u00e3o das atividades dos trabalhadores que seguem o regime CLT, ajudando no planejamento das folgas e integra\u00e7\u00e3o nas festividades.<\/p>\n\n\n\n<p>Os feriados municipais no Brasil s\u00e3o fundamentais para a valoriza\u00e7\u00e3o e manuten\u00e7\u00e3o das tradi\u00e7\u00f5es espec\u00edficas de cada cidade. Eles oferecem momentos de interrup\u00e7\u00e3o nas rotinas cotidianas, permitindo que as comunidades celebrem sua hist\u00f3ria e heran\u00e7a cultural. Al\u00e9m disso, s\u00e3o essenciais para a organiza\u00e7\u00e3o das atividades dos trabalhadores que seguem o regime CLT, ajudando no planejamento das folgas e integra\u00e7\u00e3o nas festividades.<\/p>\n\n\n\n<h2 class=\"wp-block-heading\">Quais Cidades Celebram em 9 de Dezembro?<\/h2>\n\n\n\n<figure class=\"wp-block-image\"><img decoding=\"async\" src=\"https:\/\/terrabrasilnoticias.com\/wp-content\/uploads\/2024\/11\/Praia-do-Sancho_1731083643781-1024x576.jpg\" alt=\"Cr\u00e9ditos: depositphotos.com \/ nidohuebl.gmail.com\"\/><figcaption class=\"wp-element-caption\">Aproveite o feriado se est\u00e1 em um dos munic\u00edpios \u2013 Cr\u00e9ditos: depositphotos.com \/ nidohuebl.gmail.com<\/figcaption><\/figure>\n\n\n\n<p>No Brasil, o dia 9 de dezembro marca feriados municipais em diversas cidades que escolhem essa data para celebrar especificidades locais. Entre elas, destacam-se:<\/p>\n\n\n\n<ul class=\"wp-block-list\">\n<li>Arraial \u2013 PI<\/li>\n\n\n\n<li>Cidade Ocidental \u2013 GO<\/li>\n\n\n\n<li>Demerval Lob\u00e3o \u2013 PI<\/li>\n\n\n\n<li>Dom Feliciano \u2013 RS<\/li>\n\n\n\n<li>Dom Pedro \u2013 MA<\/li>\n\n\n\n<li>Guabiju \u2013 RS<\/li>\n\n\n\n<li>Guarapuava \u2013 PR<\/li>\n\n\n\n<li>Indaiatuba \u2013 SP<\/li>\n\n\n\n<li>Isa\u00edas Coelho \u2013 PI<\/li>\n\n\n\n<li>Miguel Le\u00e3o \u2013 PI<\/li>\n\n\n\n<li>Novo Brasil \u2013 GO<\/li>\n\n\n\n<li>Santa F\u00e9 \u2013 PR<\/li>\n\n\n\n<li>S\u00e3o Domingos do Capim \u2013 PA<\/li>\n<\/ul>\n\n\n\n<p>A variedade de cidades celebrando neste dia revela a diversidade cultural do Brasil, com cada uma destacando suas pr\u00f3prias tradi\u00e7\u00f5es e hist\u00f3rias singulares.<\/p>\n\n\n\n<h2 class=\"wp-block-heading\">O Funcionalismo do Ponto Facultativo<\/h2>\n\n\n\n<p>Ponto facultativo \u00e9 uma pr\u00e1tica que oferece certa flexibilidade em datas que, apesar de culturalmente relevantes, n\u00e3o s\u00e3o consideradas feriados nacionais. Isso significa que, nesses dias, os trabalhadores podem ter dispensa do trabalho mediante decis\u00e3o das autoridades locais ou do pr\u00f3prio empregador. No servi\u00e7o p\u00fablico, frequentemente \u00e9 dispensada a presen\u00e7a dos servidores, enquanto nas empresas privadas, a decis\u00e3o pode variar conforme a pol\u00edtica interna.<\/p>\n\n\n\n<h2 class=\"wp-block-heading\">Benef\u00edcios dos Feriados para a Comunidade Local<\/h2>\n\n\n\n<p>Al\u00e9m de proporcionar descanso, os feriados municipais t\u00eam um impacto positivo nas comunidades por v\u00e1rias raz\u00f5es:<\/p>\n\n\n\n<ul class=\"wp-block-list\">\n<li><strong>Bem-estar Psicol\u00f3gico:<\/strong> Pausar as atividades di\u00e1rias contribui significativamente para a redu\u00e7\u00e3o do estresse e da ansiedade.<\/li>\n\n\n\n<li><strong>Fortalecimento Cultural:<\/strong> Eventos e celebra\u00e7\u00f5es locais ajudam a perpetuar a cultura e as tradi\u00e7\u00f5es \u00fanicas de cada cidade.<\/li>\n\n\n\n<li><strong>Revitaliza\u00e7\u00e3o:<\/strong> Aproveitar o tempo livre permite que os indiv\u00edduos retornem \u00e0s suas atividades com novo vigor e disposi\u00e7\u00e3o.<\/li>\n<\/ul>\n\n\n\n<p>Esses benef\u00edcios destacam a import\u00e2ncia dos feriados para o desenvolvimento de uma sociedade saud\u00e1vel e coesa.<\/p>\n\n\n\n<h2 class=\"wp-block-heading\">Como Planejar e Aproveitar Melhor os Feriados<\/h2>\n\n\n\n<p>Para tirar o maior proveito poss\u00edvel dos feriados, \u00e9 essencial um planejamento eficaz. Algumas estrat\u00e9gias recomendadas incluem:<\/p>\n\n\n\n<ul class=\"wp-block-list\">\n<li><strong>Ficar Atento ao Calend\u00e1rio:<\/strong> Conhecer de antem\u00e3o as datas de feriados ajuda a organizar melhor compromissos pessoais e profissionais.<\/li>\n\n\n\n<li><strong>Antecipar Tarefas:<\/strong> Realizar atividades importantes antes do feriado pode liberar tempo para descanso e lazer.<\/li>\n\n\n\n<li><strong>Aproveitar emendas:<\/strong> Combinar feriados com finais de semana pode aumentar o tempo livre dispon\u00edvel, permitindo um descanso mais prolongado.<\/li>\n<\/ul>\n\n\n\n<p>Com essas pr\u00e1ticas, \u00e9 poss\u00edvel desfrutar plenamente dos feriados, integrando descanso e lazer sem comprometer a vida pessoal e profissional.<\/p>\n\n\n\n<p><strong><em>Fonte: Terra Brasil Not\u00edcias<\/em><\/strong><\/p>\n","protected":false},"excerpt":{"rendered":"<p>Os feriados municipais no Brasil s\u00e3o fundamentais para a valoriza\u00e7\u00e3o e manuten\u00e7\u00e3o das tradi\u00e7\u00f5es espec\u00edficas de cada cidade. Eles oferecem<\/p>\n","protected":false},"author":1,"featured_media":8615,"comment_status":"open","ping_status":"open","sticky":false,"template":"","format":"standard","meta":{"footnotes":""},"categories":[2],"tags":[],"class_list":["post-8614","post","type-post","status-publish","format-standard","has-post-thumbnail","hentry","category-noticias"],"_links":{"self":[{"href":"https:\/\/jornaloalvorada.com.br\/site\/wp-json\/wp\/v2\/posts\/8614","targetHints":{"allow":["GET"]}}],"collection":[{"href":"https:\/\/jornaloalvorada.com.br\/site\/wp-json\/wp\/v2\/posts"}],"about":[{"href":"https:\/\/jornaloalvorada.com.br\/site\/wp-json\/wp\/v2\/types\/post"}],"author":[{"embeddable":true,"href":"https:\/\/jornaloalvorada.com.br\/site\/wp-json\/wp\/v2\/users\/1"}],"replies":[{"embeddable":true,"href":"https:\/\/jornaloalvorada.com.br\/site\/wp-json\/wp\/v2\/comments?post=8614"}],"version-history":[{"count":1,"href":"https:\/\/jornaloalvorada.com.br\/site\/wp-json\/wp\/v2\/posts\/8614\/revisions"}],"predecessor-version":[{"id":8616,"href":"https:\/\/jornaloalvorada.com.br\/site\/wp-json\/wp\/v2\/posts\/8614\/revisions\/8616"}],"wp:featuredmedia":[{"embeddable":true,"href":"https:\/\/jornaloalvorada.com.br\/site\/wp-json\/wp\/v2\/media\/8615"}],"wp:attachment":[{"href":"https:\/\/jornaloalvorada.com.br\/site\/wp-json\/wp\/v2\/media?parent=8614"}],"wp:term":[{"taxonomy":"category","embeddable":true,"href":"https:\/\/jornaloalvorada.com.br\/site\/wp-json\/wp\/v2\/categories?post=8614"},{"taxonomy":"post_tag","embeddable":true,"href":"https:\/\/jornaloalvorada.com.br\/site\/wp-json\/wp\/v2\/tags?post=8614"}],"curies":[{"name":"wp","href":"https:\/\/api.w.org\/{rel}","templated":true}]}}