{"id":8602,"date":"2024-12-09T08:33:41","date_gmt":"2024-12-09T12:33:41","guid":{"rendered":"https:\/\/jornaloalvorada.com.br\/site\/?p=8602"},"modified":"2024-12-09T08:33:43","modified_gmt":"2024-12-09T12:33:43","slug":"importancia-do-consumo-de-frutas-para-a-saude-mental","status":"publish","type":"post","link":"https:\/\/jornaloalvorada.com.br\/site\/2024\/12\/09\/importancia-do-consumo-de-frutas-para-a-saude-mental\/","title":{"rendered":"Import\u00e2ncia do consumo de frutas para a sa\u00fade mental"},"content":{"rendered":"\n<p>O consumo de frutas e vegetais n\u00e3o se limita apenas ao bem-estar f\u00edsico; seu impacto na sa\u00fade mental tamb\u00e9m \u00e9 not\u00e1vel. Um estudo recente, publicado na <em><a href=\"https:\/\/www.nature.com\/srep\/\" target=\"_blank\" rel=\"noreferrer noopener\">Nature Scientific Reports<\/a><\/em>, explorou a rela\u00e7\u00e3o entre a ingest\u00e3o de frutas e o <a href=\"https:\/\/terrabrasilnoticias.com\/2023\/05\/estudo-aponta-que-correr-todos-os-dias-pode-levar-a-um-tipo-de-dependencia-ou-problemas-psicologicos-entenda\/\" target=\"_blank\" rel=\"noreferrer noopener\">bem-estar psicol\u00f3gico<\/a>. Com 3,4 mil g\u00eameos de pa\u00edses como Austr\u00e1lia, Dinamarca, Su\u00e9cia e EUA, o estudo avaliou vari\u00e1veis emocionais e de sa\u00fade mental relacionadas \u00e0 alimenta\u00e7\u00e3o.<\/p>\n\n\n\n<p>A abordagem de utilizar g\u00eameos id\u00eanticos visou minimizar influ\u00eancias socioecon\u00f4micas e gen\u00e9ticas, garantindo assim uma an\u00e1lise mais precisa. Este m\u00e9todo inovador permitiu um entendimento mais claro sobre como a dieta pode afetar quest\u00f5es como a depress\u00e3o.<\/p>\n\n\n\n<h2 class=\"wp-block-heading\">Quais s\u00e3o os efeitos da baixa ingest\u00e3o de frutas?<\/h2>\n\n\n\n<p>A an\u00e1lise destacou que a ingest\u00e3o di\u00e1ria de frutas e vegetais entre os participantes foi geralmente baixa. Em m\u00e9dia, a baixa ingest\u00e3o de frutas ficou a 0,3 por\u00e7\u00f5es di\u00e1rias, enquanto para vegetais foi de 0,5 por\u00e7\u00f5es. Contrariamente, a alta ingest\u00e3o de frutas foi de 2,1 por\u00e7\u00f5es por dia, e 2 por\u00e7\u00f5es para vegetais.<\/p>\n\n\n\n<p>Os resultados sugerem que uma maior ingest\u00e3o de frutas pode reduzir significativamente os riscos de depress\u00e3o em at\u00e9 15%. Por outro lado, o consumo elevado de vegetais apresentou uma redu\u00e7\u00e3o de 9% nos sintomas depressivos. Entretanto, mesmo com esta alta ingest\u00e3o, poucos participantes atingiram o consumo recomendado pela Organiza\u00e7\u00e3o Mundial da Sa\u00fade (OMS), que \u00e9 de pelo menos cinco por\u00e7\u00f5es di\u00e1rias.<\/p>\n\n\n\n<h2 class=\"wp-block-heading\">Por que frutas e vegetais s\u00e3o essenciais para o bem-estar?<\/h2>\n\n\n\n<p>A raz\u00e3o pela qual as frutas e os vegetais beneficiam a sa\u00fade mental ainda n\u00e3o \u00e9 completamente compreendida. No entanto, pesquisas anteriores indicam que alimentos frescos ajudam a regular o microbioma intestinal. Este equil\u00edbrio pode reduzir inflama\u00e7\u00f5es sist\u00eamicas que, de outra forma, poderiam impactar negativamente fun\u00e7\u00f5es cerebrais, contribuindo para estados depressivos.<\/p>\n\n\n\n<figure class=\"wp-block-image\"><img decoding=\"async\" src=\"https:\/\/terrabrasilnoticias.com\/wp-content\/uploads\/2024\/11\/Frutas_1731520102304-1024x576.jpg\" alt=\"\"\/><figcaption class=\"wp-element-caption\">Salada de frutas \u2013 Cr\u00e9ditos: depositphotos.com \/ baibaz<\/figcaption><\/figure>\n\n\n\n<p>Estes alimentos s\u00e3o ricos em nutrientes essenciais, que s\u00e3o fundamentais para a fun\u00e7\u00e3o cerebral adequada e para a manuten\u00e7\u00e3o do humor. Essa descoberta ressalta a import\u00e2ncia de integrar mais desses alimentos na dieta di\u00e1ria.<\/p>\n\n\n\n<h2 class=\"wp-block-heading\">Quais dietas podem ajudar a melhorar a sa\u00fade mental?<\/h2>\n\n\n\n<p>Diversas dietas s\u00e3o reconhecidas por seus benef\u00edcios para a sa\u00fade mental e f\u00edsica. A Dieta DASH, conhecida por combater a hipertens\u00e3o, e a Dieta Mediterr\u00e2nea, famosa por seus alimentos frescos e nutritivos, s\u00e3o frequentemente associadas a melhorias na sa\u00fade mental.<\/p>\n\n\n\n<ul class=\"wp-block-list\">\n<li><strong>Dieta DASH:<\/strong> Reduz a ingest\u00e3o de s\u00f3dio enquanto aumenta o consumo de alimentos ricos em pot\u00e1ssio, magn\u00e9sio e c\u00e1lcio.<\/li>\n\n\n\n<li><strong>Dieta Mediterr\u00e2nea:<\/strong> Enfatiza o consumo de peixes, azeite e alimentos frescos, contribuindo para a sa\u00fade do cora\u00e7\u00e3o e do c\u00e9rebro.<\/li>\n\n\n\n<li><strong>Dieta MIND:<\/strong> Espec\u00edfica para a sa\u00fade cerebral, \u00e9 uma combina\u00e7\u00e3o das dietas DASH e Mediterr\u00e2nea, com foco em vegetais folhosos e frutas.<\/li>\n<\/ul>\n\n\n\n<h2 class=\"wp-block-heading\">Como integrar mais frutas e vegetais na alimenta\u00e7\u00e3o di\u00e1ria?<\/h2>\n\n\n\n<p>Incorporar mais frutas e vegetais na dieta pode ser uma tarefa simples com algumas altera\u00e7\u00f5es no h\u00e1bito alimentar. A utiliza\u00e7\u00e3o de frutas como lanches ou sobremesas saud\u00e1veis, e a inclus\u00e3o de vegetais em pratos principais e saladas, s\u00e3o maneiras f\u00e1ceis e eficazes de se obter os benef\u00edcios necess\u00e1rios para a sa\u00fade mental e f\u00edsica.<\/p>\n\n\n\n<ol class=\"wp-block-list\">\n<li>Adicionar uma fruta ao caf\u00e9 da manh\u00e3 ou como lanche.<\/li>\n\n\n\n<li>Incluir vegetais variados em todas as refei\u00e7\u00f5es.<\/li>\n\n\n\n<li>Experimentar novas receitas que incluam frutas como ingredientes principais.<\/li>\n<\/ol>\n\n\n\n<p>Essas mudan\u00e7as n\u00e3o s\u00f3 melhoram a sa\u00fade mental, mas tamb\u00e9m contribuem para uma alimenta\u00e7\u00e3o mais equilibrada e nutritiva.<\/p>\n\n\n\n<p><strong><em>Fonte: Terra Brasil Not\u00edcias<\/em><\/strong><\/p>\n\n\n\n<p><\/p>\n","protected":false},"excerpt":{"rendered":"<p>O consumo de frutas e vegetais n\u00e3o se limita apenas ao bem-estar f\u00edsico; seu impacto na sa\u00fade mental tamb\u00e9m \u00e9<\/p>\n","protected":false},"author":1,"featured_media":8603,"comment_status":"open","ping_status":"open","sticky":false,"template":"","format":"standard","meta":{"footnotes":""},"categories":[2],"tags":[],"class_list":["post-8602","post","type-post","status-publish","format-standard","has-post-thumbnail","hentry","category-noticias"],"_links":{"self":[{"href":"https:\/\/jornaloalvorada.com.br\/site\/wp-json\/wp\/v2\/posts\/8602","targetHints":{"allow":["GET"]}}],"collection":[{"href":"https:\/\/jornaloalvorada.com.br\/site\/wp-json\/wp\/v2\/posts"}],"about":[{"href":"https:\/\/jornaloalvorada.com.br\/site\/wp-json\/wp\/v2\/types\/post"}],"author":[{"embeddable":true,"href":"https:\/\/jornaloalvorada.com.br\/site\/wp-json\/wp\/v2\/users\/1"}],"replies":[{"embeddable":true,"href":"https:\/\/jornaloalvorada.com.br\/site\/wp-json\/wp\/v2\/comments?post=8602"}],"version-history":[{"count":1,"href":"https:\/\/jornaloalvorada.com.br\/site\/wp-json\/wp\/v2\/posts\/8602\/revisions"}],"predecessor-version":[{"id":8604,"href":"https:\/\/jornaloalvorada.com.br\/site\/wp-json\/wp\/v2\/posts\/8602\/revisions\/8604"}],"wp:featuredmedia":[{"embeddable":true,"href":"https:\/\/jornaloalvorada.com.br\/site\/wp-json\/wp\/v2\/media\/8603"}],"wp:attachment":[{"href":"https:\/\/jornaloalvorada.com.br\/site\/wp-json\/wp\/v2\/media?parent=8602"}],"wp:term":[{"taxonomy":"category","embeddable":true,"href":"https:\/\/jornaloalvorada.com.br\/site\/wp-json\/wp\/v2\/categories?post=8602"},{"taxonomy":"post_tag","embeddable":true,"href":"https:\/\/jornaloalvorada.com.br\/site\/wp-json\/wp\/v2\/tags?post=8602"}],"curies":[{"name":"wp","href":"https:\/\/api.w.org\/{rel}","templated":true}]}}