{"id":8548,"date":"2024-12-05T08:35:00","date_gmt":"2024-12-05T12:35:00","guid":{"rendered":"https:\/\/jornaloalvorada.com.br\/site\/?p=8548"},"modified":"2024-12-05T10:39:23","modified_gmt":"2024-12-05T14:39:23","slug":"inauguracao-de-industria-de-r-22-bilhoes-em-ms-tem-lula-e-show-de-chitaozinho-e-xororo","status":"publish","type":"post","link":"https:\/\/jornaloalvorada.com.br\/site\/2024\/12\/05\/inauguracao-de-industria-de-r-22-bilhoes-em-ms-tem-lula-e-show-de-chitaozinho-e-xororo\/","title":{"rendered":"Inaugura\u00e7\u00e3o de ind\u00fastria de R$ 22 bilh\u00f5es em MS tem Lula e show de Chit\u00e3ozinho e Xoror\u00f3"},"content":{"rendered":"\n<p>Nesta quinta-feira (05), autoridades nacionais e regionais se re\u00fanem em Ribas do Rio Pardo, para a inaugura\u00e7\u00e3o oficial do Projeto Cerrado, a nova f\u00e1brica da Suzano. A planta industrial \u00e9 a maior do mundo em linha \u00fanica de celulose e desde o in\u00edcio das obras tem movimentado o munic\u00edpio e regi\u00e3o.<\/p>\n\n\n\n<p>Al\u00e9m de todas as autoridades regionais, a inaugura\u00e7\u00e3o mobiliza o Planalto. O presidente Lula, o vice Geraldo Alckmin e a ministra de Planejamento e Or\u00e7amento, Simone Tebet, devem participar da solenidade.<\/p>\n\n\n\n<p>A maior f\u00e1brica de celulose em linha \u00fanica de celulose do mundo entrou em opera\u00e7\u00e3o no dia 21 de julho deste ano, resultado de um investimento de R$ 22,2 bilh\u00f5es, o maior investimento da hist\u00f3ria de 100 anos da Suzano e um dos maiores investimentos privados do Brasil durante a sua execu\u00e7\u00e3o, entre 2021 e 2024.<\/p>\n\n\n\n<p>A nova f\u00e1brica possui capacidade instalada para produzir 2,55 milh\u00f5es de toneladas de celulose de eucalipto por ano, ampliando a capacidade de produ\u00e7\u00e3o de celulose da Suzano para 13,5 milh\u00f5es de toneladas anuais, o que representa um aumento de mais de 20%.<\/p>\n\n\n\n<figure class=\"wp-block-image\"><img decoding=\"async\" src=\"https:\/\/cdn.midiamax.com.br\/wp-content\/uploads\/2024\/12\/05084618\/suzano_nathalia-1-1024x576.jpg\" alt=\"\"\/><figcaption class=\"wp-element-caption\">(Foto: Nath\u00e1lia Alc\u00e2ntara\/ Jornal Midiamax)<\/figcaption><\/figure>\n\n\n\n<p>Respons\u00e1vel pela gera\u00e7\u00e3o de 3 mil postos de trabalho na regi\u00e3o, entre diretos e indiretos em opera\u00e7\u00f5es industriais, florestais e de log\u00edstica, a nova unidade tamb\u00e9m ampliou a capacidade de produ\u00e7\u00e3o da companhia em Mato Grosso Sul, que, com tr\u00eas f\u00e1bricas em opera\u00e7\u00e3o, chega a 5,8 milh\u00f5es de toneladas de celulose anuais.<\/p>\n\n\n\n<h2 class=\"wp-block-heading\" id=\"h-show-para-moradores-de-ribas-do-rio-pardo\"><strong>Show para moradores de Ribas do Rio Pardo<\/strong><\/h2>\n\n\n\n<p>A Suzano realiza nesta quinta-feira (05), um show gratuito da dupla sertaneja Chit\u00e3ozinho e Xoror\u00f3 como agradecimento \u00e0 Ribas do Rio Pardo. O evento, aberto ao p\u00fablico, ser\u00e1 realizado a partir das 19h30, e marca o encerramento da programa\u00e7\u00e3o de inaugura\u00e7\u00e3o oficial da unidade.<\/p>\n\n\n\n<p>O show ser\u00e1 realizado ao lado do Parque dos Ip\u00eas, em uma \u00e1rea anexa preparada pela empresa. O espa\u00e7o ser\u00e1 totalmente cercado e contar\u00e1 com portaria e toda a seguran\u00e7a necess\u00e1ria para a realiza\u00e7\u00e3o do evento. A organiza\u00e7\u00e3o conta com o apoio da Prefeitura de Ribas do Rio Pardo e das for\u00e7as de seguran\u00e7a: Pol\u00edcia Militar (PM), Corpo de Bombeiros, Pol\u00edcia Civil e Pol\u00edcia Rodovi\u00e1ria Federal (PRF).<\/p>\n\n\n\n<p><strong><em>Fonte: Midia Nas<\/em><\/strong><\/p>\n","protected":false},"excerpt":{"rendered":"<p>Nesta quinta-feira (05), autoridades nacionais e regionais se re\u00fanem em Ribas do Rio Pardo, para a inaugura\u00e7\u00e3o oficial do Projeto<\/p>\n","protected":false},"author":1,"featured_media":8549,"comment_status":"open","ping_status":"open","sticky":false,"template":"","format":"standard","meta":{"footnotes":""},"categories":[2],"tags":[],"class_list":["post-8548","post","type-post","status-publish","format-standard","has-post-thumbnail","hentry","category-noticias"],"_links":{"self":[{"href":"https:\/\/jornaloalvorada.com.br\/site\/wp-json\/wp\/v2\/posts\/8548","targetHints":{"allow":["GET"]}}],"collection":[{"href":"https:\/\/jornaloalvorada.com.br\/site\/wp-json\/wp\/v2\/posts"}],"about":[{"href":"https:\/\/jornaloalvorada.com.br\/site\/wp-json\/wp\/v2\/types\/post"}],"author":[{"embeddable":true,"href":"https:\/\/jornaloalvorada.com.br\/site\/wp-json\/wp\/v2\/users\/1"}],"replies":[{"embeddable":true,"href":"https:\/\/jornaloalvorada.com.br\/site\/wp-json\/wp\/v2\/comments?post=8548"}],"version-history":[{"count":1,"href":"https:\/\/jornaloalvorada.com.br\/site\/wp-json\/wp\/v2\/posts\/8548\/revisions"}],"predecessor-version":[{"id":8550,"href":"https:\/\/jornaloalvorada.com.br\/site\/wp-json\/wp\/v2\/posts\/8548\/revisions\/8550"}],"wp:featuredmedia":[{"embeddable":true,"href":"https:\/\/jornaloalvorada.com.br\/site\/wp-json\/wp\/v2\/media\/8549"}],"wp:attachment":[{"href":"https:\/\/jornaloalvorada.com.br\/site\/wp-json\/wp\/v2\/media?parent=8548"}],"wp:term":[{"taxonomy":"category","embeddable":true,"href":"https:\/\/jornaloalvorada.com.br\/site\/wp-json\/wp\/v2\/categories?post=8548"},{"taxonomy":"post_tag","embeddable":true,"href":"https:\/\/jornaloalvorada.com.br\/site\/wp-json\/wp\/v2\/tags?post=8548"}],"curies":[{"name":"wp","href":"https:\/\/api.w.org\/{rel}","templated":true}]}}