{"id":8541,"date":"2024-12-05T10:23:23","date_gmt":"2024-12-05T14:23:23","guid":{"rendered":"https:\/\/jornaloalvorada.com.br\/site\/?p=8541"},"modified":"2024-12-05T10:23:25","modified_gmt":"2024-12-05T14:23:25","slug":"que-transformacao-incrivel","status":"publish","type":"post","link":"https:\/\/jornaloalvorada.com.br\/site\/2024\/12\/05\/que-transformacao-incrivel\/","title":{"rendered":"&#8220;Que transforma\u00e7\u00e3o incr\u00edvel!"},"content":{"rendered":"\n<p>O preenchimento labial \u00e9 perfeito para real\u00e7ar a beleza natural, trazendo mais volume, contorno e harmonia aos l\u00e1bios. Olha s\u00f3 o antes e depois dessa mudan\u00e7a!<\/p>\n\n\n\n<p><img loading=\"lazy\" decoding=\"async\" height=\"16\" width=\"16\" alt=\"\u2728\" src=\"https:\/\/static.xx.fbcdn.net\/images\/emoji.php\/v9\/tf4\/1\/16\/2728.png\"> Procedimento realizado com seguran\u00e7a e precis\u00e3o.<\/p>\n\n\n\n<p><img loading=\"lazy\" decoding=\"async\" height=\"16\" width=\"16\" alt=\"\u2728\" src=\"https:\/\/static.xx.fbcdn.net\/images\/emoji.php\/v9\/tf4\/1\/16\/2728.png\"> Resultado imediato e com apar\u00eancia super natural.<\/p>\n\n\n\n<p>Quer saber mais sobre como funciona ou agendar sua avalia\u00e7\u00e3o? Me chama no direct! <img loading=\"lazy\" decoding=\"async\" height=\"16\" width=\"16\" alt=\"\ud83d\udcac\" src=\"https:\/\/static.xx.fbcdn.net\/images\/emoji.php\/v9\/t6e\/1\/16\/1f4ac.png\">&#8221; Whatsapp (67)99859-1815<img loading=\"lazy\" decoding=\"async\" height=\"16\" width=\"16\" alt=\"\u2728\" src=\"https:\/\/static.xx.fbcdn.net\/images\/emoji.php\/v9\/tf4\/1\/16\/2728.png\"><\/p>\n\n\n\n<figure class=\"wp-block-image size-large\"><img loading=\"lazy\" decoding=\"async\" width=\"1024\" height=\"1024\" src=\"https:\/\/jornaloalvorada.com.br\/site\/wp-content\/uploads\/2024\/12\/preenchimento-1024x1024.jpg\" alt=\"\" class=\"wp-image-8543\" srcset=\"https:\/\/jornaloalvorada.com.br\/site\/wp-content\/uploads\/2024\/12\/preenchimento-1024x1024.jpg 1024w, https:\/\/jornaloalvorada.com.br\/site\/wp-content\/uploads\/2024\/12\/preenchimento-300x300.jpg 300w, https:\/\/jornaloalvorada.com.br\/site\/wp-content\/uploads\/2024\/12\/preenchimento-150x150.jpg 150w, https:\/\/jornaloalvorada.com.br\/site\/wp-content\/uploads\/2024\/12\/preenchimento-768x768.jpg 768w, https:\/\/jornaloalvorada.com.br\/site\/wp-content\/uploads\/2024\/12\/preenchimento.jpg 1080w\" sizes=\"auto, (max-width: 1024px) 100vw, 1024px\" \/><\/figure>\n","protected":false},"excerpt":{"rendered":"<p>O preenchimento labial \u00e9 perfeito para real\u00e7ar a beleza natural, trazendo mais volume, contorno e harmonia aos l\u00e1bios. Olha s\u00f3<\/p>\n","protected":false},"author":1,"featured_media":8542,"comment_status":"open","ping_status":"open","sticky":false,"template":"","format":"standard","meta":{"footnotes":""},"categories":[3],"tags":[],"class_list":["post-8541","post","type-post","status-publish","format-standard","has-post-thumbnail","hentry","category-social"],"_links":{"self":[{"href":"https:\/\/jornaloalvorada.com.br\/site\/wp-json\/wp\/v2\/posts\/8541","targetHints":{"allow":["GET"]}}],"collection":[{"href":"https:\/\/jornaloalvorada.com.br\/site\/wp-json\/wp\/v2\/posts"}],"about":[{"href":"https:\/\/jornaloalvorada.com.br\/site\/wp-json\/wp\/v2\/types\/post"}],"author":[{"embeddable":true,"href":"https:\/\/jornaloalvorada.com.br\/site\/wp-json\/wp\/v2\/users\/1"}],"replies":[{"embeddable":true,"href":"https:\/\/jornaloalvorada.com.br\/site\/wp-json\/wp\/v2\/comments?post=8541"}],"version-history":[{"count":1,"href":"https:\/\/jornaloalvorada.com.br\/site\/wp-json\/wp\/v2\/posts\/8541\/revisions"}],"predecessor-version":[{"id":8544,"href":"https:\/\/jornaloalvorada.com.br\/site\/wp-json\/wp\/v2\/posts\/8541\/revisions\/8544"}],"wp:featuredmedia":[{"embeddable":true,"href":"https:\/\/jornaloalvorada.com.br\/site\/wp-json\/wp\/v2\/media\/8542"}],"wp:attachment":[{"href":"https:\/\/jornaloalvorada.com.br\/site\/wp-json\/wp\/v2\/media?parent=8541"}],"wp:term":[{"taxonomy":"category","embeddable":true,"href":"https:\/\/jornaloalvorada.com.br\/site\/wp-json\/wp\/v2\/categories?post=8541"},{"taxonomy":"post_tag","embeddable":true,"href":"https:\/\/jornaloalvorada.com.br\/site\/wp-json\/wp\/v2\/tags?post=8541"}],"curies":[{"name":"wp","href":"https:\/\/api.w.org\/{rel}","templated":true}]}}