{"id":8530,"date":"2024-12-04T18:19:24","date_gmt":"2024-12-04T22:19:24","guid":{"rendered":"https:\/\/jornaloalvorada.com.br\/site\/?p=8530"},"modified":"2024-12-04T18:31:27","modified_gmt":"2024-12-04T22:31:27","slug":"prefeito-paleari-cumpre-agenda-ao-lado-do-governador-eduardo-riedel-e-deputado-estadual-ze-teixeira","status":"publish","type":"post","link":"https:\/\/jornaloalvorada.com.br\/site\/2024\/12\/04\/prefeito-paleari-cumpre-agenda-ao-lado-do-governador-eduardo-riedel-e-deputado-estadual-ze-teixeira\/","title":{"rendered":"Prefeito Paleari cumpre agenda ao lado do governador Eduardo Riedel e Deputado Estadual Z\u00e9 Teixeira"},"content":{"rendered":"\n<p>Prefeito de Nova Alvorada do Sul, Jos\u00e9 Paulo Paleari cumpre agenda ao lado do governador Eduardo Riedel e Deputado Estadual Z\u00e9 Teixeira e deseja uma boa sorte ao parceiro Gino Jos\u00e9 Ferreira, novo presidente do Sindicato Rural de Dourados.<\/p>\n\n\n\n<figure class=\"wp-block-image size-full\"><img loading=\"lazy\" decoding=\"async\" width=\"465\" height=\"383\" src=\"https:\/\/jornaloalvorada.com.br\/site\/wp-content\/uploads\/2024\/12\/image.png\" alt=\"\" class=\"wp-image-8533\" srcset=\"https:\/\/jornaloalvorada.com.br\/site\/wp-content\/uploads\/2024\/12\/image.png 465w, https:\/\/jornaloalvorada.com.br\/site\/wp-content\/uploads\/2024\/12\/image-300x247.png 300w\" sizes=\"auto, (max-width: 465px) 100vw, 465px\" \/><\/figure>\n\n\n\n<figure class=\"wp-block-image size-full\"><img loading=\"lazy\" decoding=\"async\" width=\"857\" height=\"509\" src=\"https:\/\/jornaloalvorada.com.br\/site\/wp-content\/uploads\/2024\/12\/image-1.png\" alt=\"\" class=\"wp-image-8535\" srcset=\"https:\/\/jornaloalvorada.com.br\/site\/wp-content\/uploads\/2024\/12\/image-1.png 857w, https:\/\/jornaloalvorada.com.br\/site\/wp-content\/uploads\/2024\/12\/image-1-300x178.png 300w, https:\/\/jornaloalvorada.com.br\/site\/wp-content\/uploads\/2024\/12\/image-1-768x456.png 768w\" sizes=\"auto, (max-width: 857px) 100vw, 857px\" \/><\/figure>\n\n\n\n<figure class=\"wp-block-image size-full\"><img loading=\"lazy\" decoding=\"async\" width=\"459\" height=\"452\" src=\"https:\/\/jornaloalvorada.com.br\/site\/wp-content\/uploads\/2024\/12\/image-2.png\" alt=\"\" class=\"wp-image-8537\" srcset=\"https:\/\/jornaloalvorada.com.br\/site\/wp-content\/uploads\/2024\/12\/image-2.png 459w, https:\/\/jornaloalvorada.com.br\/site\/wp-content\/uploads\/2024\/12\/image-2-300x295.png 300w\" sizes=\"auto, (max-width: 459px) 100vw, 459px\" \/><\/figure>\n\n\n\n<figure class=\"wp-block-image size-full\"><img loading=\"lazy\" decoding=\"async\" width=\"798\" height=\"414\" src=\"https:\/\/jornaloalvorada.com.br\/site\/wp-content\/uploads\/2024\/12\/image-3.png\" alt=\"\" class=\"wp-image-8538\" srcset=\"https:\/\/jornaloalvorada.com.br\/site\/wp-content\/uploads\/2024\/12\/image-3.png 798w, https:\/\/jornaloalvorada.com.br\/site\/wp-content\/uploads\/2024\/12\/image-3-300x156.png 300w, https:\/\/jornaloalvorada.com.br\/site\/wp-content\/uploads\/2024\/12\/image-3-768x398.png 768w\" sizes=\"auto, (max-width: 798px) 100vw, 798px\" \/><\/figure>\n","protected":false},"excerpt":{"rendered":"<p>Prefeito de Nova Alvorada do Sul, Jos\u00e9 Paulo Paleari cumpre agenda ao lado do governador Eduardo Riedel e Deputado Estadual<\/p>\n","protected":false},"author":1,"featured_media":8531,"comment_status":"open","ping_status":"open","sticky":false,"template":"","format":"standard","meta":{"footnotes":""},"categories":[2],"tags":[],"class_list":["post-8530","post","type-post","status-publish","format-standard","has-post-thumbnail","hentry","category-noticias"],"_links":{"self":[{"href":"https:\/\/jornaloalvorada.com.br\/site\/wp-json\/wp\/v2\/posts\/8530","targetHints":{"allow":["GET"]}}],"collection":[{"href":"https:\/\/jornaloalvorada.com.br\/site\/wp-json\/wp\/v2\/posts"}],"about":[{"href":"https:\/\/jornaloalvorada.com.br\/site\/wp-json\/wp\/v2\/types\/post"}],"author":[{"embeddable":true,"href":"https:\/\/jornaloalvorada.com.br\/site\/wp-json\/wp\/v2\/users\/1"}],"replies":[{"embeddable":true,"href":"https:\/\/jornaloalvorada.com.br\/site\/wp-json\/wp\/v2\/comments?post=8530"}],"version-history":[{"count":4,"href":"https:\/\/jornaloalvorada.com.br\/site\/wp-json\/wp\/v2\/posts\/8530\/revisions"}],"predecessor-version":[{"id":8539,"href":"https:\/\/jornaloalvorada.com.br\/site\/wp-json\/wp\/v2\/posts\/8530\/revisions\/8539"}],"wp:featuredmedia":[{"embeddable":true,"href":"https:\/\/jornaloalvorada.com.br\/site\/wp-json\/wp\/v2\/media\/8531"}],"wp:attachment":[{"href":"https:\/\/jornaloalvorada.com.br\/site\/wp-json\/wp\/v2\/media?parent=8530"}],"wp:term":[{"taxonomy":"category","embeddable":true,"href":"https:\/\/jornaloalvorada.com.br\/site\/wp-json\/wp\/v2\/categories?post=8530"},{"taxonomy":"post_tag","embeddable":true,"href":"https:\/\/jornaloalvorada.com.br\/site\/wp-json\/wp\/v2\/tags?post=8530"}],"curies":[{"name":"wp","href":"https:\/\/api.w.org\/{rel}","templated":true}]}}