{"id":8523,"date":"2024-12-04T09:40:15","date_gmt":"2024-12-04T13:40:15","guid":{"rendered":"https:\/\/jornaloalvorada.com.br\/site\/?p=8523"},"modified":"2024-12-04T09:40:17","modified_gmt":"2024-12-04T13:40:17","slug":"a-cidade-mais-segura-do-brasil-esta-na-regiao-sudeste","status":"publish","type":"post","link":"https:\/\/jornaloalvorada.com.br\/site\/2024\/12\/04\/a-cidade-mais-segura-do-brasil-esta-na-regiao-sudeste\/","title":{"rendered":"A cidade mais segura do Brasil est\u00e1 na regi\u00e3o sudeste!"},"content":{"rendered":"\n<p>Localizada no sul de <a href=\"https:\/\/terrabrasilnoticias.com\/2024\/11\/quem-diria-a-melhor-cidade-para-viver-esta-escondida-em-minas-gerais\/\">Minas Gerais<\/a>, Lavras \u00e9 uma cidade que se destaca entre aqueles que procuram um equil\u00edbrio entre tranquilidade e crescimento econ\u00f4mico. Oferecendo uma infraestrutura moderna e seguran\u00e7a not\u00e1vel, Lavras \u00e9 um destino atraente para quem deseja estabelecer resid\u00eancia ou investir. A combina\u00e7\u00e3o da rica tradi\u00e7\u00e3o mineira com o progresso de uma economia em expans\u00e3o faz de Lavras um local \u00fanico no cen\u00e1rio brasileiro.<\/p>\n\n\n\n<p>A cidade se desenvolveu mantendo suas ra\u00edzes culturais enquanto avan\u00e7a em v\u00e1rias \u00e1reas da economia e educa\u00e7\u00e3o. Este artigo explora as caracter\u00edsticas que fazem de Lavras um lugar especial, abordando desde sua seguran\u00e7a at\u00e9 as atra\u00e7\u00f5es culturais e naturais que enriquecem a regi\u00e3o.<\/p>\n\n\n\n<figure class=\"wp-block-image\"><img decoding=\"async\" src=\"https:\/\/terrabrasilnoticias.com\/wp-content\/uploads\/2024\/12\/Minas-gerais_1733313022483-1024x576.jpg\" alt=\"\"\/><figcaption class=\"wp-element-caption\">Cr\u00e9ditos: depositphotos.com \/ lspencer<\/figcaption><\/figure>\n\n\n\n<h2 class=\"wp-block-heading\">Lavras \u00e9 Realmente Segura?<\/h2>\n\n\n\n<p>Um aspecto que se destaca em <a href=\"https:\/\/www.google.com\/url?sa=t&amp;rct=j&amp;q=&amp;esrc=s&amp;source=web&amp;cd=&amp;ved=2ahUKEwjVv-z4hY6KAxU2LbkGHRS4G3YQFnoECDMQAQ&amp;url=https%3A%2F%2Flavras.mg.gov.br%2F&amp;usg=AOvVaw2flcx0ErdUjFKFzl5BFX06&amp;opi=89978449\">Lavras<\/a> \u00e9 a seguran\u00e7a. As pol\u00edticas de seguran\u00e7a p\u00fablica s\u00e3o eficazes, resultando em \u00edndices de criminalidade relativamente baixos. Isso \u00e9 conseguido gra\u00e7as a um policiamento bem estruturado e monitoramento constante das \u00e1reas cr\u00edticas da cidade.<\/p>\n\n\n\n<p>A seguran\u00e7a em Lavras tamb\u00e9m \u00e9 fortalecida pela atua\u00e7\u00e3o ativa da comunidade local, que participa de projetos e iniciativas para manter a harmonia social. Essa colabora\u00e7\u00e3o entre popula\u00e7\u00e3o e autoridades \u00e9 crucial para garantir um ambiente seguro e acolhedor para todos.<\/p>\n\n\n\n<h2 class=\"wp-block-heading\">O Que Torna a Infraestrutura de Lavras Um Destaque?<\/h2>\n\n\n\n<p>A infraestrutura bem desenvolvida \u00e9 um dos pilares do sucesso de Lavras. A cidade oferece servi\u00e7os de qualidade em educa\u00e7\u00e3o, sa\u00fade e lazer, beneficiando tanto seus moradores quanto visitantes. Escolas e universidades reconhecidas proporcionam um n\u00edvel educativo elevado, enquanto hospitais equipados garantem assist\u00eancia m\u00e9dica eficiente.<\/p>\n\n\n\n<p>Localizada em uma posi\u00e7\u00e3o estrat\u00e9gica, Lavras permite f\u00e1cil acesso a grandes centros urbanos, facilitando a vida dos habitantes que buscam ampliar suas oportunidades e acessibilidade. Essa localiza\u00e7\u00e3o, aliada a excelentes servi\u00e7os locais, contribui significativamente para a qualidade de vida na cidade.<\/p>\n\n\n\n<h2 class=\"wp-block-heading\">O que fazer em Lavras?<\/h2>\n\n\n\n<p>Lavras, cidade charmosa do interior mineiro, oferece uma combina\u00e7\u00e3o perfeita entre natureza, cultura e hist\u00f3ria. Se voc\u00ea busca um destino tranquilo e com diversas op\u00e7\u00f5es de lazer, essa \u00e9 a cidade ideal!<\/p>\n\n\n\n<p><strong>Natureza exuberante:<\/strong><\/p>\n\n\n\n<ul class=\"wp-block-list\">\n<li><strong>Parque Ecol\u00f3gico Quedas do Rio Bonito:<\/strong> Um verdadeiro para\u00edso para os amantes da natureza. Com trilhas ecol\u00f3gicas, cachoeiras e paisagens deslumbrantes, o parque \u00e9 perfeito para um dia de contato com a natureza.<\/li>\n\n\n\n<li><strong>Lago do Funil:<\/strong> Ideal para atividades aqu\u00e1ticas como mergulho, pesca e passeios de barco. A paisagem do lago, com suas \u00e1guas cristalinas e montanhas ao redor, \u00e9 simplesmente encantadora.<\/li>\n\n\n\n<li><strong>Cachoeira dos Ip\u00eas:<\/strong> Um pequeno o\u00e1sis perfeito para um refrescante mergulho nas \u00e1guas cristalinas. A cachoeira, cercada por mata nativa, oferece um cen\u00e1rio tranquilo e relaxante.<\/li>\n<\/ul>\n\n\n\n<p><strong>Cultura e hist\u00f3ria:<\/strong><\/p>\n\n\n\n<ul class=\"wp-block-list\">\n<li><strong>Igreja Matriz de Sant\u2019Ana:<\/strong> Um dos principais pontos tur\u00edsticos da cidade, a igreja impressiona pela sua arquitetura e rica hist\u00f3ria.<a href=\"https:\/\/pt.wikipedia.org\/wiki\/Igreja_Matriz_de_Sant%27Ana_(Lavras)\" target=\"_blank\" rel=\"noreferrer noopener\">Abre em uma nova janela<\/a><a href=\"https:\/\/pt.wikipedia.org\/wiki\/Igreja_Matriz_de_Sant%27Ana_(Lavras)\" target=\"_blank\" rel=\"noreferrer noopener\">pt.wikipedia.org<\/a> Igreja Matriz de Sant\u2019Ana em Lavras<\/li>\n\n\n\n<li><strong>Museu Bi Moreira:<\/strong> Abriga um acervo com obras de arte, documentos hist\u00f3ricos e objetos que contam a hist\u00f3ria da cidade.<\/li>\n\n\n\n<li><strong>Esta\u00e7\u00e3o Costa Pinto:<\/strong> Um belo exemplo da arquitetura ferrovi\u00e1ria, a esta\u00e7\u00e3o hoje abriga eventos culturais e exposi\u00e7\u00f5es.<\/li>\n\n\n\n<li><strong>Centro Hist\u00f3rico:<\/strong> Um passeio pelo centro hist\u00f3rico de Lavras \u00e9 uma \u00f3tima oportunidade para conhecer a arquitetura colonial da cidade e visitar lojas de artesanato e caf\u00e9s charmosos.<\/li>\n<\/ul>\n\n\n\n<h2 class=\"wp-block-heading\">Como Est\u00e1 a Economia em Lavras?<\/h2>\n\n\n\n<p>A economia de Lavras \u00e9 marcada por uma diversidade de setores que oferecem in\u00fameras possibilidades de neg\u00f3cios e empregos. A presen\u00e7a da Universidade Federal de Lavras (UFLA) \u00e9 um fator de destaque, impulsionando a inova\u00e7\u00e3o e desenvolvimento tecnol\u00f3gico na regi\u00e3o.<\/p>\n\n\n\n<p>O ambiente econ\u00f4mico em Lavras \u00e9 favor\u00e1vel ao empreendedorismo, com espa\u00e7o para pequenos neg\u00f3cios e grandes empresas prosperarem. A cidade se posiciona como um ponto atrativo para investidores que procuram um mercado em crescimento com potencial de resili\u00eancia e inova\u00e7\u00e3o.<\/p>\n\n\n\n<h2 class=\"wp-block-heading\">Quais Atra\u00e7\u00f5es Culturais e Naturais Existentes em Lavras?<\/h2>\n\n\n\n<p>Al\u00e9m de sua infraestrutura e seguran\u00e7a, Lavras encanta com seu patrim\u00f4nio cultural e belezas naturais. As paisagens exuberantes, como trilhas ecol\u00f3gicas e cachoeiras, s\u00e3o perfeitas para aqueles que apreciam o contato com a natureza.<\/p>\n\n\n\n<ul class=\"wp-block-list\">\n<li><strong>Trilhas Ecol\u00f3gicas<\/strong>: Caminhadas para os amantes da natureza<\/li>\n\n\n\n<li><strong>Cachoeiras<\/strong>: Locais para relaxar e se reconectar<\/li>\n\n\n\n<li><strong>Patrim\u00f4nio Hist\u00f3rico<\/strong>: Edifica\u00e7\u00f5es e atra\u00e7\u00f5es culturais<\/li>\n\n\n\n<li><strong>Eventos Locais<\/strong>: Celebra\u00e7\u00f5es que promovem a cultura local<\/li>\n<\/ul>\n\n\n\n<p>O rico patrim\u00f4nio hist\u00f3rico de Lavras, aliado a suas festividades e eventos, proporciona uma imers\u00e3o na tradi\u00e7\u00e3o mineira. A combina\u00e7\u00e3o de uma infraestrutura bem desenvolvida, pr\u00e1ticas de seguran\u00e7a eficazes, uma economia vibrante e atra\u00e7\u00f5es culturais fazem de Lavras uma cidade excepcional para se viver e explorar.<\/p>\n\n\n\n<p><strong><em>Fonte: Terra Brasil Not\u00edcias<\/em><\/strong><\/p>\n","protected":false},"excerpt":{"rendered":"<p>Localizada no sul de Minas Gerais, Lavras \u00e9 uma cidade que se destaca entre aqueles que procuram um equil\u00edbrio entre<\/p>\n","protected":false},"author":1,"featured_media":8524,"comment_status":"open","ping_status":"open","sticky":false,"template":"","format":"standard","meta":{"footnotes":""},"categories":[3],"tags":[],"class_list":["post-8523","post","type-post","status-publish","format-standard","has-post-thumbnail","hentry","category-social"],"_links":{"self":[{"href":"https:\/\/jornaloalvorada.com.br\/site\/wp-json\/wp\/v2\/posts\/8523","targetHints":{"allow":["GET"]}}],"collection":[{"href":"https:\/\/jornaloalvorada.com.br\/site\/wp-json\/wp\/v2\/posts"}],"about":[{"href":"https:\/\/jornaloalvorada.com.br\/site\/wp-json\/wp\/v2\/types\/post"}],"author":[{"embeddable":true,"href":"https:\/\/jornaloalvorada.com.br\/site\/wp-json\/wp\/v2\/users\/1"}],"replies":[{"embeddable":true,"href":"https:\/\/jornaloalvorada.com.br\/site\/wp-json\/wp\/v2\/comments?post=8523"}],"version-history":[{"count":1,"href":"https:\/\/jornaloalvorada.com.br\/site\/wp-json\/wp\/v2\/posts\/8523\/revisions"}],"predecessor-version":[{"id":8525,"href":"https:\/\/jornaloalvorada.com.br\/site\/wp-json\/wp\/v2\/posts\/8523\/revisions\/8525"}],"wp:featuredmedia":[{"embeddable":true,"href":"https:\/\/jornaloalvorada.com.br\/site\/wp-json\/wp\/v2\/media\/8524"}],"wp:attachment":[{"href":"https:\/\/jornaloalvorada.com.br\/site\/wp-json\/wp\/v2\/media?parent=8523"}],"wp:term":[{"taxonomy":"category","embeddable":true,"href":"https:\/\/jornaloalvorada.com.br\/site\/wp-json\/wp\/v2\/categories?post=8523"},{"taxonomy":"post_tag","embeddable":true,"href":"https:\/\/jornaloalvorada.com.br\/site\/wp-json\/wp\/v2\/tags?post=8523"}],"curies":[{"name":"wp","href":"https:\/\/api.w.org\/{rel}","templated":true}]}}