{"id":8515,"date":"2024-12-04T09:27:22","date_gmt":"2024-12-04T13:27:22","guid":{"rendered":"https:\/\/jornaloalvorada.com.br\/site\/?p=8515"},"modified":"2024-12-04T09:27:24","modified_gmt":"2024-12-04T13:27:24","slug":"estado-continua-com-chuva-em-diferentes-cidades-e-temperaturas-amenas","status":"publish","type":"post","link":"https:\/\/jornaloalvorada.com.br\/site\/2024\/12\/04\/estado-continua-com-chuva-em-diferentes-cidades-e-temperaturas-amenas\/","title":{"rendered":"Estado continua com chuva em diferentes cidades e temperaturas amenas"},"content":{"rendered":"\n<p>Mato Grosso do Sul vai continuar com temperatura amena e chuva em diferentes cidades nos pr\u00f3ximos dias. S\u00e3o previstas m\u00ednimas entre 18-22\u00b0C e m\u00e1ximas de at\u00e9 31\u00b0C, principalmente nas regi\u00f5es sul e sudoeste do Estado.<\/p>\n\n\n\n<p>De acordo com o Cemtec (Centro de Monitoramento do Tempo e do Clima de MS), com o avan\u00e7o da frente fria, os maiores acumulados de chuvas, acima de 40 mm\/24h, s\u00e3o previstos para a metade norte do estado, principalmente nas regi\u00f5es norte e nordeste do Estado.<\/p>\n\n\n\n<p>Para esta quarta-feira (4) a previs\u00e3o em Campo Grande \u00e9 de m\u00ednima de 22\u00b0C e m\u00e1xima de 26\u00b0C. J\u00e1 em Dourados fica entre 21\u00b0C e 27\u00b0C. Na regi\u00e3o do Pantanal, em Corumb\u00e1, a m\u00ednima fica em 23\u00b0C e m\u00e1xima de 25\u00b0C. Tr\u00eas Lagoas tem m\u00e1xima de 29\u00b0C, com m\u00ednima de 24\u00b0C.<\/p>\n\n\n\n<p>Na quinta-feira (5) segue o mesmo cen\u00e1rio, com m\u00ednima de 21\u00b0C e m\u00e1xima de 29\u00b0C em Dourados. Na Capital a varia\u00e7\u00e3o fica entre 21\u00b0C e 27\u00b0C. Em Ponta Por\u00e3, na regi\u00e3o de fronteira, a m\u00e1xima chega a 29\u00b0C, com m\u00ednima de 20\u00b0C.<\/p>\n\n\n\n<figure class=\"wp-block-image\"><a href=\"https:\/\/agenciadenoticias.ms.gov.br\/ms-segue-com-temperaturas-amenas-e-chuva-em-diferentes-cidades-nos-proximos-dias\/attachment\/0412\/\"><img decoding=\"async\" src=\"https:\/\/agenciadenoticias.ms.gov.br\/wp-content\/uploads\/2024\/12\/0412.jpg\" alt=\"\"\/><\/a><\/figure>\n\n\n\n<figure class=\"wp-block-image\"><a href=\"https:\/\/agenciadenoticias.ms.gov.br\/ms-segue-com-temperaturas-amenas-e-chuva-em-diferentes-cidades-nos-proximos-dias\/attachment\/0512\/\"><img decoding=\"async\" src=\"https:\/\/agenciadenoticias.ms.gov.br\/wp-content\/uploads\/2024\/12\/0512.jpg\" alt=\"\"\/><\/a><\/figure>\n\n\n\n<p><em>Leonardo Rocha, Comunica\u00e7\u00e3o do Governo de MS<\/em><br><em>Foto: \u00c1lvaro Rezende<\/em><\/p>\n","protected":false},"excerpt":{"rendered":"<p>Mato Grosso do Sul vai continuar com temperatura amena e chuva em diferentes cidades nos pr\u00f3ximos dias. S\u00e3o previstas m\u00ednimas<\/p>\n","protected":false},"author":1,"featured_media":4504,"comment_status":"open","ping_status":"open","sticky":false,"template":"","format":"standard","meta":{"footnotes":""},"categories":[2],"tags":[],"class_list":["post-8515","post","type-post","status-publish","format-standard","has-post-thumbnail","hentry","category-noticias"],"_links":{"self":[{"href":"https:\/\/jornaloalvorada.com.br\/site\/wp-json\/wp\/v2\/posts\/8515","targetHints":{"allow":["GET"]}}],"collection":[{"href":"https:\/\/jornaloalvorada.com.br\/site\/wp-json\/wp\/v2\/posts"}],"about":[{"href":"https:\/\/jornaloalvorada.com.br\/site\/wp-json\/wp\/v2\/types\/post"}],"author":[{"embeddable":true,"href":"https:\/\/jornaloalvorada.com.br\/site\/wp-json\/wp\/v2\/users\/1"}],"replies":[{"embeddable":true,"href":"https:\/\/jornaloalvorada.com.br\/site\/wp-json\/wp\/v2\/comments?post=8515"}],"version-history":[{"count":1,"href":"https:\/\/jornaloalvorada.com.br\/site\/wp-json\/wp\/v2\/posts\/8515\/revisions"}],"predecessor-version":[{"id":8516,"href":"https:\/\/jornaloalvorada.com.br\/site\/wp-json\/wp\/v2\/posts\/8515\/revisions\/8516"}],"wp:featuredmedia":[{"embeddable":true,"href":"https:\/\/jornaloalvorada.com.br\/site\/wp-json\/wp\/v2\/media\/4504"}],"wp:attachment":[{"href":"https:\/\/jornaloalvorada.com.br\/site\/wp-json\/wp\/v2\/media?parent=8515"}],"wp:term":[{"taxonomy":"category","embeddable":true,"href":"https:\/\/jornaloalvorada.com.br\/site\/wp-json\/wp\/v2\/categories?post=8515"},{"taxonomy":"post_tag","embeddable":true,"href":"https:\/\/jornaloalvorada.com.br\/site\/wp-json\/wp\/v2\/tags?post=8515"}],"curies":[{"name":"wp","href":"https:\/\/api.w.org\/{rel}","templated":true}]}}