{"id":8508,"date":"2024-12-03T15:02:04","date_gmt":"2024-12-03T19:02:04","guid":{"rendered":"https:\/\/jornaloalvorada.com.br\/site\/?p=8508"},"modified":"2024-12-03T15:02:07","modified_gmt":"2024-12-03T19:02:07","slug":"coreia-do-sul-parlamento-rejeita-lei-marcial-declarada-por-presidente","status":"publish","type":"post","link":"https:\/\/jornaloalvorada.com.br\/site\/2024\/12\/03\/coreia-do-sul-parlamento-rejeita-lei-marcial-declarada-por-presidente\/","title":{"rendered":"Coreia do Sul: parlamento rejeita lei marcial declarada por presidente"},"content":{"rendered":"\n<p>O presidente da Coreia do Sul, Yoon Suk Yeol, declarou lei marcial na nesta ter\u00e7a-feira (3), em uma a\u00e7\u00e3o que surpreendeu os sul-coreanos e desencadeou uma tentativa de tropas entrarem no Parlamento, enquanto parlamentares e manifestantes rapidamente expressavam oposi\u00e7\u00e3o ao mais s\u00e9rio desafio \u00e0 democracia do pa\u00eds desde a d\u00e9cada de 1980.<img decoding=\"async\" src=\"https:\/\/agenciabrasil.ebc.com.br\/ebc.png?id=1622223&amp;o=node\"><img decoding=\"async\" src=\"https:\/\/agenciabrasil.ebc.com.br\/ebc.gif?id=1622223&amp;o=node\"><\/p>\n\n\n\n<p>O presidente do Parlamento declarou inv\u00e1lido o&nbsp;<a href=\"https:\/\/agenciabrasil.ebc.com.br\/internacional\/noticia\/2024-12\/presidente-da-coreia-do-sul-declara-lei-marcial-no-pais\" target=\"_blank\" rel=\"noreferrer noopener\">an\u00fancio da lei marcial<\/a> e os parlamentares votaram pela&nbsp;rejei\u00e7\u00e3o da declara\u00e7\u00e3o na madrugada de quarta-feira (hor\u00e1rio local).<\/p>\n\n\n\n<p>A medida de Yoon, que ele declarou ter como alvo seus advers\u00e1rios pol\u00edticos, teve a oposi\u00e7\u00e3o veemente at\u00e9 mesmo do l\u00edder de seu pr\u00f3prio partido, Han Dong-hoon, que estava presente na vota\u00e7\u00e3o&nbsp;no Parlamento e que entrou em conflito com Yoon sobre a forma como o presidente lidou com&nbsp; esc\u00e2ndalos recentes.<\/p>\n\n\n\n<p>Mais cedo, imagens ao vivo de televis\u00e3o mostraram tropas com capacetes, aparentemente encarregadas de impor a lei marcial, tentando entrar no pr\u00e9dio da Assembleia, e assessores parlamentares foram vistos tentando empurrar os soldados para tr\u00e1s, borrifando extintores de inc\u00eandio.<\/p>\n\n\n\n<p>Yoon disse nesta ter\u00e7a-feira que os partidos de oposi\u00e7\u00e3o haviam tomado o processo parlamentar como ref\u00e9m. Ele prometeu erradicar &#8220;as desavergonhadas for\u00e7as antiestatais pr\u00f3-Coreia do Norte&#8221; e disse que n\u00e3o tinha escolha a n\u00e3o ser tomar a medida para salvaguardar a ordem constitucional.<\/p>\n\n\n\n<p>Pouco depois de Yoon fazer seu an\u00fancio na TV ao vivo, as pessoas come\u00e7aram a se reunir do lado de fora do pr\u00e9dio do Parlamento, algumas delas gritando: &#8220;Retirem a lei marcial de emerg\u00eancia!&#8221;. &#8220;Prendam Yoon Suk Yeol&#8221;, gritavam outros.<\/p>\n\n\n\n<p>Os militares disseram que as atividades do Parlamento e dos partidos pol\u00edticos seriam proibidas, e que a m\u00eddia e publica\u00e7\u00f5es estariam sob o controle do comando da lei marcial.<\/p>\n\n\n\n<h2 class=\"wp-block-heading\">Democracia<\/h2>\n\n\n\n<p>Yoon n\u00e3o citou nenhuma amea\u00e7a espec\u00edfica da Coreia do Norte, que tem armas nucleares, concentrando-se em seus oponentes pol\u00edticos internos. \u00c9 a primeira vez desde 1980 que a lei marcial \u00e9 declarada na Coreia do Sul.<\/p>\n\n\n\n<p>O pa\u00eds teve uma s\u00e9rie de l\u00edderes autorit\u00e1rios no in\u00edcio de sua hist\u00f3ria, mas tem sido considerado&nbsp;democr\u00e1tico&nbsp;desde a d\u00e9cada de 1980.<\/p>\n\n\n\n<p>A moeda sul-coreana, o won, teve uma queda acentuada em rela\u00e7\u00e3o ao d\u00f3lar. Uma autoridade do banco central disse que estava preparando medidas para estabilizar o mercado, se necess\u00e1rio. O Ministro das Finan\u00e7as, Choi Sang-mok, convocou uma reuni\u00e3o de emerg\u00eancia entre as principais autoridades econ\u00f4micas, informou seu porta-voz em uma mensagem de texto.<\/p>\n\n\n\n<p>O antecessor de Yoon, Moon Jae-in, do Partido Democr\u00e1tico, disse em um post no X que a democracia do pa\u00eds est\u00e1 em crise. &#8220;Espero que a Assembleia Nacional aja rapidamente para proteger nossa democracia de desmoronar&#8221;, escreveu ele em uma postagem.<\/p>\n\n\n\n<p>&#8220;Pe\u00e7o \u00e0s pessoas que unam for\u00e7as para proteger e salvar a democracia e para ajudar a Assembleia Nacional a funcionar normalmente.&#8221;<\/p>\n\n\n\n<p>Os Estados Unidos est\u00e3o em contato com o governo sul-coreano e est\u00e3o monitorando a situa\u00e7\u00e3o de perto, disse um porta-voz da Casa Branca.<\/p>\n\n\n\n<p>Cerca de 28,5 mil&nbsp;soldados norte-americanos est\u00e3o estacionados na Coreia do Sul para se protegerem contra o Norte. Um porta-voz do comando militar dos EUA n\u00e3o respondeu a v\u00e1rias liga\u00e7\u00f5es telef\u00f4nicas.<\/p>\n\n\n\n<p><strong><em>Fonte: Ag\u00eancia Brasil<\/em><\/strong><\/p>\n","protected":false},"excerpt":{"rendered":"<p>O presidente da Coreia do Sul, Yoon Suk Yeol, declarou lei marcial na nesta ter\u00e7a-feira (3), em uma a\u00e7\u00e3o que<\/p>\n","protected":false},"author":1,"featured_media":8509,"comment_status":"open","ping_status":"open","sticky":false,"template":"","format":"standard","meta":{"footnotes":""},"categories":[2],"tags":[],"class_list":["post-8508","post","type-post","status-publish","format-standard","has-post-thumbnail","hentry","category-noticias"],"_links":{"self":[{"href":"https:\/\/jornaloalvorada.com.br\/site\/wp-json\/wp\/v2\/posts\/8508","targetHints":{"allow":["GET"]}}],"collection":[{"href":"https:\/\/jornaloalvorada.com.br\/site\/wp-json\/wp\/v2\/posts"}],"about":[{"href":"https:\/\/jornaloalvorada.com.br\/site\/wp-json\/wp\/v2\/types\/post"}],"author":[{"embeddable":true,"href":"https:\/\/jornaloalvorada.com.br\/site\/wp-json\/wp\/v2\/users\/1"}],"replies":[{"embeddable":true,"href":"https:\/\/jornaloalvorada.com.br\/site\/wp-json\/wp\/v2\/comments?post=8508"}],"version-history":[{"count":1,"href":"https:\/\/jornaloalvorada.com.br\/site\/wp-json\/wp\/v2\/posts\/8508\/revisions"}],"predecessor-version":[{"id":8510,"href":"https:\/\/jornaloalvorada.com.br\/site\/wp-json\/wp\/v2\/posts\/8508\/revisions\/8510"}],"wp:featuredmedia":[{"embeddable":true,"href":"https:\/\/jornaloalvorada.com.br\/site\/wp-json\/wp\/v2\/media\/8509"}],"wp:attachment":[{"href":"https:\/\/jornaloalvorada.com.br\/site\/wp-json\/wp\/v2\/media?parent=8508"}],"wp:term":[{"taxonomy":"category","embeddable":true,"href":"https:\/\/jornaloalvorada.com.br\/site\/wp-json\/wp\/v2\/categories?post=8508"},{"taxonomy":"post_tag","embeddable":true,"href":"https:\/\/jornaloalvorada.com.br\/site\/wp-json\/wp\/v2\/tags?post=8508"}],"curies":[{"name":"wp","href":"https:\/\/api.w.org\/{rel}","templated":true}]}}