{"id":8505,"date":"2024-12-03T10:02:09","date_gmt":"2024-12-03T14:02:09","guid":{"rendered":"https:\/\/jornaloalvorada.com.br\/site\/?p=8505"},"modified":"2024-12-03T10:02:13","modified_gmt":"2024-12-03T14:02:13","slug":"novas-reformas-no-codigo-de-transito-brasileiro","status":"publish","type":"post","link":"https:\/\/jornaloalvorada.com.br\/site\/2024\/12\/03\/novas-reformas-no-codigo-de-transito-brasileiro\/","title":{"rendered":"Novas Reformas no C\u00f3digo de Tr\u00e2nsito Brasileiro"},"content":{"rendered":"\n<p>Recentemente, o <a href=\"https:\/\/www.ctbdigital.com.br\/\" target=\"_blank\" rel=\"noreferrer noopener\">C\u00f3digo de Tr\u00e2nsito Brasileiro (CTB)<\/a> tem sido o foco de discuss\u00f5es importantes devido a reformas propostas que visam aumentar a seguran\u00e7a nas estradas. As novas propostas legislativas t\u00eam como objetivo impor multas mais elevadas e implementar puni\u00e7\u00f5es mais r\u00edgidas para infra\u00e7\u00f5es, buscando assim induzir um comportamento mais seguro e respons\u00e1vel entre os motoristas.<\/p>\n\n\n\n<p>O Projeto de Lei 1405\/24, que est\u00e1 em an\u00e1lise, sugere altera\u00e7\u00f5es significativas nas <a href=\"https:\/\/terrabrasilnoticias.com\/2024\/11\/entenda-as-novas-penalidades-no-transito-brasileiro\/\" target=\"_blank\" rel=\"noreferrer noopener\">penalidades de tr\u00e2nsito<\/a>, principalmente para infra\u00e7\u00f5es graves. O intuito n\u00e3o \u00e9 apenas punir os infratores, mas tamb\u00e9m promover uma cultura de maior cautela e respeito nas vias p\u00fablicas. As multas podem chegar a valores altos, demonstrando um firme compromisso com a seguran\u00e7a nos trajetos di\u00e1rios dos brasileiros.<\/p>\n\n\n\n<h2 class=\"wp-block-heading\">Que tipo de altera\u00e7\u00f5es s\u00e3o esperadas?<\/h2>\n\n\n\n<p>Uma das principais mudan\u00e7as envolve a categoriza\u00e7\u00e3o de certas infra\u00e7\u00f5es como extremamente graves. Infra\u00e7\u00f5es como ultrapassagens indevidas e condu\u00e7\u00e3o considerada negligente est\u00e3o no centro dessa reclassifica\u00e7\u00e3o. Al\u00e9m de san\u00e7\u00f5es financeiras mais pesadas, os condutores podem enfrentar a suspens\u00e3o do direito de dirigir em determinadas situa\u00e7\u00f5es. Este tipo de reforma busca chamar a aten\u00e7\u00e3o para a import\u00e2ncia da responsabilidade no tr\u00e2nsito.<\/p>\n\n\n\n<p>Al\u00e9m das penalidades, as altera\u00e7\u00f5es propostas destacam um aumento nos esfor\u00e7os educacionais para sensibilizar os motoristas. Promover a educa\u00e7\u00e3o cont\u00ednua sobre pr\u00e1ticas seguras de dire\u00e7\u00e3o \u00e9 visto como crucial para criar um ambiente de tr\u00e2nsito mais seguro e menos propenso a acidentes.<\/p>\n\n\n\n<h2 class=\"wp-block-heading\">Impacto das multas aumentadas no dia a dia dos condutores<\/h2>\n\n\n\n<p>A introdu\u00e7\u00e3o de multas mais elevadas provavelmente afetar\u00e1 o comportamento dos motoristas. A ideia \u00e9 que penalidades financeiras combinadas com a amea\u00e7a de perda da licen\u00e7a para dirigir desencorajem pr\u00e1ticas imprudentes. No entanto, para alcan\u00e7ar um impacto duradouro, \u00e9 essencial que essas medidas sejam apoiadas por programas cont\u00ednuos de educa\u00e7\u00e3o e conscientiza\u00e7\u00e3o.<\/p>\n\n\n\n<p>A expectativa \u00e9 que os motoristas comecem a respeitar mais as regras de velocidade e mantenham dist\u00e2ncias seguras entre ve\u00edculos. Tamb\u00e9m \u00e9 esperado que diminuam o uso de celulares enquanto dirigem, uma pr\u00e1tica frequentemente ligada a acidentes de tr\u00e2nsito.<\/p>\n\n\n\n<figure class=\"wp-block-image\"><img decoding=\"async\" src=\"https:\/\/terrabrasilnoticias.com\/wp-content\/uploads\/2024\/11\/multa_1730570835055-1024x576.jpg\" alt=\"\"\/><figcaption class=\"wp-element-caption\">Motorista levando multa de tr\u00e2nsito \u2013 Cr\u00e9ditos: depositphotos.com \/ Kzenon<\/figcaption><\/figure>\n\n\n\n<h2 class=\"wp-block-heading\">Como motoristas podem contribuir para um tr\u00e2nsito melhor?<\/h2>\n\n\n\n<p>\u00c0 medida que essas mudan\u00e7as s\u00e3o discutidas, os motoristas t\u00eam a oportunidade de come\u00e7ar a adotar pr\u00e1ticas mais seguras. Garantir a manuten\u00e7\u00e3o regular dos ve\u00edculos e seguir rigorosamente as leis de tr\u00e2nsito s\u00e3o passos fundamentais. Al\u00e9m disso, adotar uma dire\u00e7\u00e3o defensiva pode ajudar a minimizar riscos de colis\u00f5es e penalidades.<\/p>\n\n\n\n<p>Pr\u00e1ticas simples, como n\u00e3o utilizar o celular ao dirigir e estar constantemente atento \u00e0 sinaliza\u00e7\u00e3o, s\u00e3o eficazes na promo\u00e7\u00e3o da seguran\u00e7a. Com reformas no horizonte, \u00e9 o momento ideal para que os condutores considerem uma condu\u00e7\u00e3o mais prudente, assegurando um ambiente mais seguro para todos nas estradas.<\/p>\n\n\n\n<p><strong><em>Fonte: Terra Brasil Not\u00edcias<\/em><\/strong><\/p>\n","protected":false},"excerpt":{"rendered":"<p>Recentemente, o C\u00f3digo de Tr\u00e2nsito Brasileiro (CTB) tem sido o foco de discuss\u00f5es importantes devido a reformas propostas que visam<\/p>\n","protected":false},"author":1,"featured_media":8506,"comment_status":"open","ping_status":"open","sticky":false,"template":"","format":"standard","meta":{"footnotes":""},"categories":[2],"tags":[],"class_list":["post-8505","post","type-post","status-publish","format-standard","has-post-thumbnail","hentry","category-noticias"],"_links":{"self":[{"href":"https:\/\/jornaloalvorada.com.br\/site\/wp-json\/wp\/v2\/posts\/8505","targetHints":{"allow":["GET"]}}],"collection":[{"href":"https:\/\/jornaloalvorada.com.br\/site\/wp-json\/wp\/v2\/posts"}],"about":[{"href":"https:\/\/jornaloalvorada.com.br\/site\/wp-json\/wp\/v2\/types\/post"}],"author":[{"embeddable":true,"href":"https:\/\/jornaloalvorada.com.br\/site\/wp-json\/wp\/v2\/users\/1"}],"replies":[{"embeddable":true,"href":"https:\/\/jornaloalvorada.com.br\/site\/wp-json\/wp\/v2\/comments?post=8505"}],"version-history":[{"count":1,"href":"https:\/\/jornaloalvorada.com.br\/site\/wp-json\/wp\/v2\/posts\/8505\/revisions"}],"predecessor-version":[{"id":8507,"href":"https:\/\/jornaloalvorada.com.br\/site\/wp-json\/wp\/v2\/posts\/8505\/revisions\/8507"}],"wp:featuredmedia":[{"embeddable":true,"href":"https:\/\/jornaloalvorada.com.br\/site\/wp-json\/wp\/v2\/media\/8506"}],"wp:attachment":[{"href":"https:\/\/jornaloalvorada.com.br\/site\/wp-json\/wp\/v2\/media?parent=8505"}],"wp:term":[{"taxonomy":"category","embeddable":true,"href":"https:\/\/jornaloalvorada.com.br\/site\/wp-json\/wp\/v2\/categories?post=8505"},{"taxonomy":"post_tag","embeddable":true,"href":"https:\/\/jornaloalvorada.com.br\/site\/wp-json\/wp\/v2\/tags?post=8505"}],"curies":[{"name":"wp","href":"https:\/\/api.w.org\/{rel}","templated":true}]}}