{"id":8501,"date":"2024-12-03T09:57:53","date_gmt":"2024-12-03T13:57:53","guid":{"rendered":"https:\/\/jornaloalvorada.com.br\/site\/?p=8501"},"modified":"2024-12-03T09:57:55","modified_gmt":"2024-12-03T13:57:55","slug":"prefeitura-convida-a-populacao-para-entrega-e-inauguracao-das-casas-para-pessoas-com-deficiencia-pcd-no-conjunto-habitacional-gilberto-almeida","status":"publish","type":"post","link":"https:\/\/jornaloalvorada.com.br\/site\/2024\/12\/03\/prefeitura-convida-a-populacao-para-entrega-e-inauguracao-das-casas-para-pessoas-com-deficiencia-pcd-no-conjunto-habitacional-gilberto-almeida\/","title":{"rendered":"Prefeitura convida a popula\u00e7\u00e3o para entrega e inaugura\u00e7\u00e3o das casas para Pessoas com Defici\u00eancia (PcD) no Conjunto Habitacional Gilberto Almeida"},"content":{"rendered":"\n<p>A Prefeitura Municipal convida toda a popula\u00e7\u00e3o para a entrega e inaugura\u00e7\u00e3o das casas para Pessoas com Defici\u00eancia (PcD) no Conjunto Habitacional Gilberto Almeida.<\/p>\n\n\n\n<p><img loading=\"lazy\" decoding=\"async\" height=\"16\" width=\"16\" alt=\"\ud83d\uddd3\" src=\"https:\/\/static.xx.fbcdn.net\/images\/emoji.php\/v9\/t5c\/1\/16\/1f5d3.png\"> Data: 4 de dezembro<\/p>\n\n\n\n<p><img loading=\"lazy\" decoding=\"async\" height=\"16\" width=\"16\" alt=\"\u23f0\" src=\"https:\/\/static.xx.fbcdn.net\/images\/emoji.php\/v9\/t34\/1\/16\/23f0.png\"> Hor\u00e1rio: 10 horas<\/p>\n\n\n\n<p>Participe deste momento especial que simboliza mais um importante passo em dire\u00e7\u00e3o \u00e0 inclus\u00e3o e ao acesso \u00e0 moradia digna em nosso munic\u00edpio!<\/p>\n\n\n\n<figure class=\"wp-block-image size-full\"><img loading=\"lazy\" decoding=\"async\" width=\"526\" height=\"525\" src=\"https:\/\/jornaloalvorada.com.br\/site\/wp-content\/uploads\/2024\/12\/469349334_888055656781893_5160297318543813520_n.jpg\" alt=\"\" class=\"wp-image-8502\" srcset=\"https:\/\/jornaloalvorada.com.br\/site\/wp-content\/uploads\/2024\/12\/469349334_888055656781893_5160297318543813520_n.jpg 526w, https:\/\/jornaloalvorada.com.br\/site\/wp-content\/uploads\/2024\/12\/469349334_888055656781893_5160297318543813520_n-300x300.jpg 300w, https:\/\/jornaloalvorada.com.br\/site\/wp-content\/uploads\/2024\/12\/469349334_888055656781893_5160297318543813520_n-150x150.jpg 150w\" sizes=\"auto, (max-width: 526px) 100vw, 526px\" \/><\/figure>\n","protected":false},"excerpt":{"rendered":"<p>A Prefeitura Municipal convida toda a popula\u00e7\u00e3o para a entrega e inaugura\u00e7\u00e3o das casas para Pessoas com Defici\u00eancia (PcD) no<\/p>\n","protected":false},"author":1,"featured_media":8503,"comment_status":"open","ping_status":"open","sticky":false,"template":"","format":"standard","meta":{"footnotes":""},"categories":[2],"tags":[],"class_list":["post-8501","post","type-post","status-publish","format-standard","has-post-thumbnail","hentry","category-noticias"],"_links":{"self":[{"href":"https:\/\/jornaloalvorada.com.br\/site\/wp-json\/wp\/v2\/posts\/8501","targetHints":{"allow":["GET"]}}],"collection":[{"href":"https:\/\/jornaloalvorada.com.br\/site\/wp-json\/wp\/v2\/posts"}],"about":[{"href":"https:\/\/jornaloalvorada.com.br\/site\/wp-json\/wp\/v2\/types\/post"}],"author":[{"embeddable":true,"href":"https:\/\/jornaloalvorada.com.br\/site\/wp-json\/wp\/v2\/users\/1"}],"replies":[{"embeddable":true,"href":"https:\/\/jornaloalvorada.com.br\/site\/wp-json\/wp\/v2\/comments?post=8501"}],"version-history":[{"count":1,"href":"https:\/\/jornaloalvorada.com.br\/site\/wp-json\/wp\/v2\/posts\/8501\/revisions"}],"predecessor-version":[{"id":8504,"href":"https:\/\/jornaloalvorada.com.br\/site\/wp-json\/wp\/v2\/posts\/8501\/revisions\/8504"}],"wp:featuredmedia":[{"embeddable":true,"href":"https:\/\/jornaloalvorada.com.br\/site\/wp-json\/wp\/v2\/media\/8503"}],"wp:attachment":[{"href":"https:\/\/jornaloalvorada.com.br\/site\/wp-json\/wp\/v2\/media?parent=8501"}],"wp:term":[{"taxonomy":"category","embeddable":true,"href":"https:\/\/jornaloalvorada.com.br\/site\/wp-json\/wp\/v2\/categories?post=8501"},{"taxonomy":"post_tag","embeddable":true,"href":"https:\/\/jornaloalvorada.com.br\/site\/wp-json\/wp\/v2\/tags?post=8501"}],"curies":[{"name":"wp","href":"https:\/\/api.w.org\/{rel}","templated":true}]}}